{"id":166111,"date":"2017-08-07T11:38:01","date_gmt":"2017-08-07T09:38:01","guid":{"rendered":"http:\/\/www.fuldaer-nachrichten.de\/?p=166111"},"modified":"2017-08-07T11:38:01","modified_gmt":"2017-08-07T09:38:01","slug":"anlagenbau-guenther-setzt-auf-neue-auszubildende","status":"publish","type":"post","link":"https:\/\/www.fuldaernachrichten.de\/?p=166111","title":{"rendered":"Anlagenbau G\u00fcnther setzt auf neue Auszubildende"},"content":{"rendered":"<p>Am 01. August war Ausbildungsstart bei Anlagenbau G\u00fcnther in Wartenberg. Personalleiterin Ulla Heuser freute sich, dass auch in diesem Jahr wieder alle Ausbildungsstellen besetzt werden konnten. Gemeinsam mit der Gesch\u00e4ftsleitung und den Bereichsleitern hie\u00df sie 5 Auszubildende und 2 FOS-Praktikanten willkommen. Jedem \u201eNeuen\u201c wurde ein erfahrener Auszubildender als Pate und Ansprechpartner zur Seite gestellt, so wird eine z\u00fcgige Integration ins Team gew\u00e4hrleistet. Die Ausbildung erfolgt in den Berufen Fachkraft f\u00fcr Lagerlogistik, technischer Produktdesigner, Industriekaufmann, Mechatroniker und Industriemechaniker. Die FOS-Praktikanten sind in den Bereichen Verwaltung und Mechatronik im Einsatz.<\/p>\n<p>Anlagenbau G\u00fcnther aus Wartenberg, ein innovatives Unternehmen der Recycling-Technik, setzt auf seine Azubis. Eine praxisnahe Ausbildung, in der die Azubis alle relevanten Bereiche im \u201eEchteinsatz\u201c kennen lernen, ist die Basis f\u00fcr die Entwicklung seiner hochqualifizierten Fachkr\u00e4fte. In den Ausbildungsberufen Konstruktionsmechanik, Industriemechanik und Mechatronik begleiten die jungen Menschen bereits w\u00e4hrend der Ausbildungszeit ihre erfahrenen Kollegen bei Montage- oder Serviceeins\u00e4tzen. Ganzheitliches Wissen zu den mobilen L\u00f6sungen und den Projekten im Anlagenbau sowie eine qualifizierte Mitarbeiterf\u00f6rderung haben bei G\u00dcNTHER einen hohen Stellenwert.<\/p>\n","protected":false},"excerpt":{"rendered":"<div class=\"tmnf_excerpt\"><p>Am 01. August war Ausbildungsstart bei Anlagenbau G\u00fcnther in Wartenberg. Personalleiterin Ulla Heuser freute sich, dass auch in diesem Jahr wieder alle Ausbildungsstellen besetzt werden konnten. Gemeinsam mit der Gesch\u00e4ftsleitung und den Bereichsleitern hie\u00df sie 5 Auszubildende und 2 FOS-Praktikanten willkommen. Jedem \u201eNeuen\u201c wurde ein erfahrener Auszubildender als Pate und Ansprechpartner zur Seite gestellt, so &hellip;<\/p>\n<\/div>","protected":false},"author":1,"featured_media":166114,"comment_status":"closed","ping_status":"closed","sticky":false,"template":"","format":"standard","meta":{"footnotes":""},"categories":[1],"tags":[],"class_list":["post-166111","post","type-post","status-publish","format-standard","has-post-thumbnail","hentry","category-startseite"],"_links":{"self":[{"href":"https:\/\/www.fuldaernachrichten.de\/index.php?rest_route=\/wp\/v2\/posts\/166111","targetHints":{"allow":["GET"]}}],"collection":[{"href":"https:\/\/www.fuldaernachrichten.de\/index.php?rest_route=\/wp\/v2\/posts"}],"about":[{"href":"https:\/\/www.fuldaernachrichten.de\/index.php?rest_route=\/wp\/v2\/types\/post"}],"author":[{"embeddable":true,"href":"https:\/\/www.fuldaernachrichten.de\/index.php?rest_route=\/wp\/v2\/users\/1"}],"replies":[{"embeddable":true,"href":"https:\/\/www.fuldaernachrichten.de\/index.php?rest_route=%2Fwp%2Fv2%2Fcomments&post=166111"}],"version-history":[{"count":1,"href":"https:\/\/www.fuldaernachrichten.de\/index.php?rest_route=\/wp\/v2\/posts\/166111\/revisions"}],"predecessor-version":[{"id":166115,"href":"https:\/\/www.fuldaernachrichten.de\/index.php?rest_route=\/wp\/v2\/posts\/166111\/revisions\/166115"}],"wp:featuredmedia":[{"embeddable":true,"href":"https:\/\/www.fuldaernachrichten.de\/index.php?rest_route=\/wp\/v2\/media\/166114"}],"wp:attachment":[{"href":"https:\/\/www.fuldaernachrichten.de\/index.php?rest_route=%2Fwp%2Fv2%2Fmedia&parent=166111"}],"wp:term":[{"taxonomy":"category","embeddable":true,"href":"https:\/\/www.fuldaernachrichten.de\/index.php?rest_route=%2Fwp%2Fv2%2Fcategories&post=166111"},{"taxonomy":"post_tag","embeddable":true,"href":"https:\/\/www.fuldaernachrichten.de\/index.php?rest_route=%2Fwp%2Fv2%2Ftags&post=166111"}],"curies":[{"name":"wp","href":"https:\/\/api.w.org\/{rel}","templated":true}]}}