{"id":166110,"date":"2017-08-07T11:37:31","date_gmt":"2017-08-07T09:37:31","guid":{"rendered":"http:\/\/www.fuldaer-nachrichten.de\/?p=166110"},"modified":"2017-08-07T11:37:31","modified_gmt":"2017-08-07T09:37:31","slug":"ein-himmlisch-werk-musik-der-lutherzeit","status":"publish","type":"post","link":"https:\/\/www.fuldaernachrichten.de\/?p=166110","title":{"rendered":"\u201eEin himmlisch Werk\u201c Musik der Lutherzeit"},"content":{"rendered":"<p>F\u00fcr Martin Luther galt Musik als \u201eGabe Gottes\u201c und als \u201ehimmlisch Werk\u201c, denn Musik mache \u201edie Seelen fr\u00f6hlich\u201c. Der Reformator war aber nicht nur ein Liebhaber der Musik, sondern auch einer ihrer Sch\u00f6pfer: Viele Lieder aus seiner Feder zeugen von seiner Kreativit\u00e4t \u2013 sowohl im evangelischen Gesangbuch als auch im katholischen Gotteslob.<\/p>\n<p>Das Ensemble \u201eMusikalisches Tafelkonfekt\u201c mit Annette John (Blockfl\u00f6ten) und Susanne Peuker (Lauteninstrumente) entf\u00fchrt am Sonntag 20. August (18 Uhr, Niklaskirche Tann) in diese Welt des 16. Jahrhunderts und das Verst\u00e4ndnis Martin Luthers: Originale Melodien von Martin Luther sowie Werke seiner Freunde und Weggef\u00e4hrten Johann Walter, Balthasar Resinarius und Lucas Osiander korrespondieren mit Tanzmusik von Heinrich Isaac, Pierre Attaignant, Diego Ortiz und Andrea Falconiero.<\/p>\n<p>Der Eintritt betr\u00e4gt an der Abendkasse 12\u00e2\u201a\u00ac (9\u00e2\u201a\u00ac erm\u00e4\u00dfigt), im Vorverkauf 10\u00e2\u201a\u00ac (8\u00e2\u201a\u00ac erm\u00e4\u00dfigt); Familien (zwei Erwachsene und Kinder) zahlen 20 \u00e2\u201a\u00ac.<\/p>\n<p>Das Konzert wird unterst\u00fctzt durch das \u201eLandhaus Kehl\u201c (Tann-Lahrbach), \u201eKarl Rehm \u2013 Zimmerei und Holzbau\u201c (Tann-Lahrbach) und durch den Kultursommer Main-Kinzig-Fulda.<\/p>\n","protected":false},"excerpt":{"rendered":"<div class=\"tmnf_excerpt\"><p>F\u00fcr Martin Luther galt Musik als \u201eGabe Gottes\u201c und als \u201ehimmlisch Werk\u201c, denn Musik mache \u201edie Seelen fr\u00f6hlich\u201c. Der Reformator war aber nicht nur ein Liebhaber der Musik, sondern auch einer ihrer Sch\u00f6pfer: Viele Lieder aus seiner Feder zeugen von seiner Kreativit\u00e4t \u2013 sowohl im evangelischen Gesangbuch als auch im katholischen Gotteslob. Das Ensemble \u201eMusikalisches &hellip;<\/p>\n<\/div>","protected":false},"author":1,"featured_media":166112,"comment_status":"closed","ping_status":"closed","sticky":false,"template":"","format":"standard","meta":{"footnotes":""},"categories":[1],"tags":[],"class_list":["post-166110","post","type-post","status-publish","format-standard","has-post-thumbnail","hentry","category-startseite"],"_links":{"self":[{"href":"https:\/\/www.fuldaernachrichten.de\/index.php?rest_route=\/wp\/v2\/posts\/166110","targetHints":{"allow":["GET"]}}],"collection":[{"href":"https:\/\/www.fuldaernachrichten.de\/index.php?rest_route=\/wp\/v2\/posts"}],"about":[{"href":"https:\/\/www.fuldaernachrichten.de\/index.php?rest_route=\/wp\/v2\/types\/post"}],"author":[{"embeddable":true,"href":"https:\/\/www.fuldaernachrichten.de\/index.php?rest_route=\/wp\/v2\/users\/1"}],"replies":[{"embeddable":true,"href":"https:\/\/www.fuldaernachrichten.de\/index.php?rest_route=%2Fwp%2Fv2%2Fcomments&post=166110"}],"version-history":[{"count":1,"href":"https:\/\/www.fuldaernachrichten.de\/index.php?rest_route=\/wp\/v2\/posts\/166110\/revisions"}],"predecessor-version":[{"id":166113,"href":"https:\/\/www.fuldaernachrichten.de\/index.php?rest_route=\/wp\/v2\/posts\/166110\/revisions\/166113"}],"wp:featuredmedia":[{"embeddable":true,"href":"https:\/\/www.fuldaernachrichten.de\/index.php?rest_route=\/wp\/v2\/media\/166112"}],"wp:attachment":[{"href":"https:\/\/www.fuldaernachrichten.de\/index.php?rest_route=%2Fwp%2Fv2%2Fmedia&parent=166110"}],"wp:term":[{"taxonomy":"category","embeddable":true,"href":"https:\/\/www.fuldaernachrichten.de\/index.php?rest_route=%2Fwp%2Fv2%2Fcategories&post=166110"},{"taxonomy":"post_tag","embeddable":true,"href":"https:\/\/www.fuldaernachrichten.de\/index.php?rest_route=%2Fwp%2Fv2%2Ftags&post=166110"}],"curies":[{"name":"wp","href":"https:\/\/api.w.org\/{rel}","templated":true}]}}