{"id":166097,"date":"2017-08-07T11:34:07","date_gmt":"2017-08-07T09:34:07","guid":{"rendered":"http:\/\/www.fuldaer-nachrichten.de\/?p=166097"},"modified":"2017-08-07T11:34:07","modified_gmt":"2017-08-07T09:34:07","slug":"schwedisch-fuer-anfaenger-2","status":"publish","type":"post","link":"https:\/\/www.fuldaernachrichten.de\/?p=166097","title":{"rendered":"Schwedisch f\u00fcr Anf\u00e4nger"},"content":{"rendered":"<p>Ein Schwedisch-Kurs der Volkshochschule des Landkreises Fulda beinhaltet eine erste Einf\u00fchrung in die schwedische Sprache mit dem Ziel, einfache Texte zu verstehen und Dialoge zu f\u00fchren. Der Kurs ist f\u00fcr Teilnehmer ohne Vorkenntnisse geeignet und beginnt am Mittwoch, 16. August, um 20 Uhr in der Grundschule Eichenzell. Infos und Anmeldung mit Kursnummer VO42000722 unter www.vhs-fulda.de oder telefonisch beim B\u00fcrgerservice (0661)6006-1600. <\/p>\n","protected":false},"excerpt":{"rendered":"<div class=\"tmnf_excerpt\"><p>Ein Schwedisch-Kurs der Volkshochschule des Landkreises Fulda beinhaltet eine erste Einf\u00fchrung in die schwedische Sprache mit dem Ziel, einfache Texte zu verstehen und Dialoge zu f\u00fchren. Der Kurs ist f\u00fcr Teilnehmer ohne Vorkenntnisse geeignet und beginnt am Mittwoch, 16. August, um 20 Uhr in der Grundschule Eichenzell. Infos und Anmeldung mit Kursnummer VO42000722 unter www.vhs-fulda.de &hellip;<\/p>\n<\/div>","protected":false},"author":1,"featured_media":0,"comment_status":"closed","ping_status":"closed","sticky":false,"template":"","format":"standard","meta":{"footnotes":""},"categories":[1],"tags":[],"class_list":["post-166097","post","type-post","status-publish","format-standard","hentry","category-startseite"],"_links":{"self":[{"href":"https:\/\/www.fuldaernachrichten.de\/index.php?rest_route=\/wp\/v2\/posts\/166097","targetHints":{"allow":["GET"]}}],"collection":[{"href":"https:\/\/www.fuldaernachrichten.de\/index.php?rest_route=\/wp\/v2\/posts"}],"about":[{"href":"https:\/\/www.fuldaernachrichten.de\/index.php?rest_route=\/wp\/v2\/types\/post"}],"author":[{"embeddable":true,"href":"https:\/\/www.fuldaernachrichten.de\/index.php?rest_route=\/wp\/v2\/users\/1"}],"replies":[{"embeddable":true,"href":"https:\/\/www.fuldaernachrichten.de\/index.php?rest_route=%2Fwp%2Fv2%2Fcomments&post=166097"}],"version-history":[{"count":1,"href":"https:\/\/www.fuldaernachrichten.de\/index.php?rest_route=\/wp\/v2\/posts\/166097\/revisions"}],"predecessor-version":[{"id":166101,"href":"https:\/\/www.fuldaernachrichten.de\/index.php?rest_route=\/wp\/v2\/posts\/166097\/revisions\/166101"}],"wp:attachment":[{"href":"https:\/\/www.fuldaernachrichten.de\/index.php?rest_route=%2Fwp%2Fv2%2Fmedia&parent=166097"}],"wp:term":[{"taxonomy":"category","embeddable":true,"href":"https:\/\/www.fuldaernachrichten.de\/index.php?rest_route=%2Fwp%2Fv2%2Fcategories&post=166097"},{"taxonomy":"post_tag","embeddable":true,"href":"https:\/\/www.fuldaernachrichten.de\/index.php?rest_route=%2Fwp%2Fv2%2Ftags&post=166097"}],"curies":[{"name":"wp","href":"https:\/\/api.w.org\/{rel}","templated":true}]}}