{"id":166087,"date":"2017-08-07T11:32:11","date_gmt":"2017-08-07T09:32:11","guid":{"rendered":"http:\/\/www.fuldaer-nachrichten.de\/?p=166087"},"modified":"2017-08-07T11:32:11","modified_gmt":"2017-08-07T09:32:11","slug":"urauffuehrung-des-musicals-von-anna-marita-engel-und-thomas-nuedling","status":"publish","type":"post","link":"https:\/\/www.fuldaernachrichten.de\/?p=166087","title":{"rendered":"Urauff\u00fchrung des Musicals von Anna Marita Engel und Thomas N\u00fcdling"},"content":{"rendered":"<p><a href=\"http:\/\/www.fuldaer-nachrichten.de\/wp-content\/uploads\/2017\/08\/Sektempfang-nach-der-Urauff\u00fchrung.jpg\"><img decoding=\"async\" src=\"http:\/\/www.fuldaer-nachrichten.de\/wp-content\/uploads\/2017\/08\/Sektempfang-nach-der-Urauff\u00fchrung-265x149.jpg\" alt=\"\" width=\"265\" height=\"149\" class=\"alignleft size-thumbnail wp-image-166089\" \/><\/a>Mit einem Schlag ist alles anders. So auch hier: Mit einem Schlag \u00e4ndert sich Kains Leben, denn er erschl\u00e4gt seinen Bruder Abel und muss daf\u00fcr die Konsequenzen tragen. Seit Jahrtausenden fordert diese biblische Erz\u00e4hlung die Menschen heraus. Die Sicht scheint ganz einfach: Zwei ungleiche Br\u00fcder, der eine angenommen, der andere abgewiesen, der eine scheinbar unschuldig, der andere verdammt. Doch ist das tats\u00e4chlich so offensichtlich?<\/p>\n<p>Texterin Anna Marita Engel und Komponist Thomas N\u00fcdling nehmen diese Frage in ihrem Musical \u201eKain und Abel\u201c auf und f\u00fchren sie im Rahmen einer Gerichtsverhandlung vor Augen. Akteure kommen zu Wort, Richter suchen nach L\u00f6sungen, die Stimmung im Publikum ist emotional. Und eines wird ganz deutlich: Es ist eben nicht so offensichtlich wie es auf den ersten Blick erscheint \u2013 genauso wie im wahren Leben.<\/p>\n<p>Im Rahmen der Familienpastoral des Bistums Fulda hatte das \u201eForum Michaelshof\u201c in Zusammenarbeit mit dem Verein \u201egemeinsam mit dem Michaelshof\u201c und dem Pastoralverbund St. Michael Hohe Rh\u00f6n zu einem Musicalprojekt f\u00fcr alle Generationen eingeladen. \u00dcber 60 Personen aus der Region und ganz Deutschland waren dieser Einladung gefolgt und studierten innerhalb einer Woche das Musical ein. Daf\u00fcr verantwortlich zeichneten sich Veronika Klawitter (Kost\u00fcme und B\u00fchnenbild), Relindis Kn\u00f6chelmann (Dramaturgie), Thomas N\u00fcdling (Musik) und Sylvia Reinhardt (Organisation).<\/p>\n<p>Am Freitagabend war nun die Urauff\u00fchrung von \u201eKain und Abel\u201c. Viele Zuschauer verfolgten in der katholischen Kirche von Hilders die Auff\u00fchrung mit Gesang, Tanz, Pantomime, Instrumentalem, Schauspiel, Lichteffekten, viel Bewegung und Freude und unterst\u00fctzt von einer Band bestehend aus Saxophon (Ute Kr\u00f6nung), Schlagzeug (Lukas Laibach) und Klavier (Thomas N\u00fcdling).<\/p>\n<p>Esther D\u00fcrolf muss sich als Kain vor Gericht verantworten. Mit der Ballade \u201eJa, ich wei\u00df\u201c gesteht sie Kains Schuld ein. Bei einem durch die Sprecherinnen Paul Krenzer und Fine Preker angek\u00fcndigten R\u00fcckblick auf die Kindheit Kains und Abels wird die Eifersucht regelrecht greifbar, wenn Marius Diegelmann (Kain) und Melissa Licht (Abel) herrlich \u201eHalt dich da raus\u201c singen. Mutter Eva (Karolina Spiegel) malt in ihren Liedern \u201eKain lag sehr bestimmend\u201c und \u201eAbel, mein Kind\u201c jeweils ein sehr individuelles Bild ihrer beiden S\u00f6hne; Vater Adam (Joshua Licht) hingegen will mit der ganzen Sache nichts zu tun haben. Umso mehr interessieren sich die drei Richter Katharina Krenzer, Uwe Klawitter und Jonathan Elstner daf\u00fcr. Nebenkl\u00e4ger (Johannes Heinicke) und Staatsanwalt (Leonard Krayer) wollen Kain bestrafen, Rechtsanwalt (Stefan Krayer) fordert seinen Freispruch. Das Urteil aber f\u00e4llt anders aus als erwartet.<\/p>\n<p>Wer das Urteil und die Urauff\u00fchrung am Freitagabend verpasst hatte, bekommt die Chance, sich das St\u00fcck noch zwei Mal zu Gem\u00fcte zu f\u00fchren: Am Samstagabend (5. August) um 19:30 Uhr in der St. Michael-Kirche von Eckweisbach und am Sonntagnachmittag (6. August) um 16 Uhr in der Elisabeth-Kirche von Lahrbach.<\/p>\n","protected":false},"excerpt":{"rendered":"<div class=\"tmnf_excerpt\"><p>Mit einem Schlag ist alles anders. So auch hier: Mit einem Schlag \u00e4ndert sich Kains Leben, denn er erschl\u00e4gt seinen Bruder Abel und muss daf\u00fcr die Konsequenzen tragen. Seit Jahrtausenden fordert diese biblische Erz\u00e4hlung die Menschen heraus. Die Sicht scheint ganz einfach: Zwei ungleiche Br\u00fcder, der eine angenommen, der andere abgewiesen, der eine scheinbar unschuldig, &hellip;<\/p>\n<\/div>","protected":false},"author":1,"featured_media":166088,"comment_status":"closed","ping_status":"closed","sticky":false,"template":"","format":"standard","meta":{"footnotes":""},"categories":[1],"tags":[],"class_list":["post-166087","post","type-post","status-publish","format-standard","has-post-thumbnail","hentry","category-startseite"],"_links":{"self":[{"href":"https:\/\/www.fuldaernachrichten.de\/index.php?rest_route=\/wp\/v2\/posts\/166087","targetHints":{"allow":["GET"]}}],"collection":[{"href":"https:\/\/www.fuldaernachrichten.de\/index.php?rest_route=\/wp\/v2\/posts"}],"about":[{"href":"https:\/\/www.fuldaernachrichten.de\/index.php?rest_route=\/wp\/v2\/types\/post"}],"author":[{"embeddable":true,"href":"https:\/\/www.fuldaernachrichten.de\/index.php?rest_route=\/wp\/v2\/users\/1"}],"replies":[{"embeddable":true,"href":"https:\/\/www.fuldaernachrichten.de\/index.php?rest_route=%2Fwp%2Fv2%2Fcomments&post=166087"}],"version-history":[{"count":1,"href":"https:\/\/www.fuldaernachrichten.de\/index.php?rest_route=\/wp\/v2\/posts\/166087\/revisions"}],"predecessor-version":[{"id":166090,"href":"https:\/\/www.fuldaernachrichten.de\/index.php?rest_route=\/wp\/v2\/posts\/166087\/revisions\/166090"}],"wp:featuredmedia":[{"embeddable":true,"href":"https:\/\/www.fuldaernachrichten.de\/index.php?rest_route=\/wp\/v2\/media\/166088"}],"wp:attachment":[{"href":"https:\/\/www.fuldaernachrichten.de\/index.php?rest_route=%2Fwp%2Fv2%2Fmedia&parent=166087"}],"wp:term":[{"taxonomy":"category","embeddable":true,"href":"https:\/\/www.fuldaernachrichten.de\/index.php?rest_route=%2Fwp%2Fv2%2Fcategories&post=166087"},{"taxonomy":"post_tag","embeddable":true,"href":"https:\/\/www.fuldaernachrichten.de\/index.php?rest_route=%2Fwp%2Fv2%2Ftags&post=166087"}],"curies":[{"name":"wp","href":"https:\/\/api.w.org\/{rel}","templated":true}]}}