{"id":166076,"date":"2017-08-07T11:28:06","date_gmt":"2017-08-07T09:28:06","guid":{"rendered":"http:\/\/www.fuldaer-nachrichten.de\/?p=166076"},"modified":"2017-08-07T11:28:06","modified_gmt":"2017-08-07T09:28:06","slug":"sprechstunde-der-seniorenbeauftragten","status":"publish","type":"post","link":"https:\/\/www.fuldaernachrichten.de\/?p=166076","title":{"rendered":"Sprechstunde der Seniorenbeauftragten"},"content":{"rendered":"<p>Die n\u00e4chste Sprechstunde der Seniorenbeauftragten des Vogelsbergkreises Rosemarie M\u00fcller findet am Montag, 7. August, von 10 bis 12 Uhr statt. Angesprochen werden k\u00f6nnen bei der Kreisbeigeordneten sowohl alle pers\u00f6nlichen Anliegen als auch Vorschl\u00e4ge, Anregungen, Ideen und Erfahrungen.<\/p>\n<p>Auch au\u00dferhalb dieser Telefonsprechstunde werden Fragen, Anregungen und Vorschl\u00e4ge an die Seniorenbeauftragte weitergeleitet. Kontakt unter der Telefon-Nummer 06641\/977-304 oder per Mail an seniorenbeauftragte@vogelsbergkreis.de.<\/p>\n","protected":false},"excerpt":{"rendered":"<div class=\"tmnf_excerpt\"><p>Die n\u00e4chste Sprechstunde der Seniorenbeauftragten des Vogelsbergkreises Rosemarie M\u00fcller findet am Montag, 7. August, von 10 bis 12 Uhr statt. Angesprochen werden k\u00f6nnen bei der Kreisbeigeordneten sowohl alle pers\u00f6nlichen Anliegen als auch Vorschl\u00e4ge, Anregungen, Ideen und Erfahrungen. Auch au\u00dferhalb dieser Telefonsprechstunde werden Fragen, Anregungen und Vorschl\u00e4ge an die Seniorenbeauftragte weitergeleitet. Kontakt unter der Telefon-Nummer 06641\/977-304 &hellip;<\/p>\n<\/div>","protected":false},"author":1,"featured_media":0,"comment_status":"closed","ping_status":"closed","sticky":false,"template":"","format":"standard","meta":{"footnotes":""},"categories":[1],"tags":[],"class_list":["post-166076","post","type-post","status-publish","format-standard","hentry","category-startseite"],"_links":{"self":[{"href":"https:\/\/www.fuldaernachrichten.de\/index.php?rest_route=\/wp\/v2\/posts\/166076","targetHints":{"allow":["GET"]}}],"collection":[{"href":"https:\/\/www.fuldaernachrichten.de\/index.php?rest_route=\/wp\/v2\/posts"}],"about":[{"href":"https:\/\/www.fuldaernachrichten.de\/index.php?rest_route=\/wp\/v2\/types\/post"}],"author":[{"embeddable":true,"href":"https:\/\/www.fuldaernachrichten.de\/index.php?rest_route=\/wp\/v2\/users\/1"}],"replies":[{"embeddable":true,"href":"https:\/\/www.fuldaernachrichten.de\/index.php?rest_route=%2Fwp%2Fv2%2Fcomments&post=166076"}],"version-history":[{"count":1,"href":"https:\/\/www.fuldaernachrichten.de\/index.php?rest_route=\/wp\/v2\/posts\/166076\/revisions"}],"predecessor-version":[{"id":166079,"href":"https:\/\/www.fuldaernachrichten.de\/index.php?rest_route=\/wp\/v2\/posts\/166076\/revisions\/166079"}],"wp:attachment":[{"href":"https:\/\/www.fuldaernachrichten.de\/index.php?rest_route=%2Fwp%2Fv2%2Fmedia&parent=166076"}],"wp:term":[{"taxonomy":"category","embeddable":true,"href":"https:\/\/www.fuldaernachrichten.de\/index.php?rest_route=%2Fwp%2Fv2%2Fcategories&post=166076"},{"taxonomy":"post_tag","embeddable":true,"href":"https:\/\/www.fuldaernachrichten.de\/index.php?rest_route=%2Fwp%2Fv2%2Ftags&post=166076"}],"curies":[{"name":"wp","href":"https:\/\/api.w.org\/{rel}","templated":true}]}}