{"id":166075,"date":"2017-08-07T11:27:56","date_gmt":"2017-08-07T09:27:56","guid":{"rendered":"http:\/\/www.fuldaer-nachrichten.de\/?p=166075"},"modified":"2017-08-07T11:27:56","modified_gmt":"2017-08-07T09:27:56","slug":"karrierestart-bei-fcn-vier-neue-azubis-und-eine-fos-praktikantin-im-team-begruesst","status":"publish","type":"post","link":"https:\/\/www.fuldaernachrichten.de\/?p=166075","title":{"rendered":"Karrierestart bei FCN &#8211; Vier neue Azubis und eine FOS-Praktikantin im Team begr\u00fc\u00dft"},"content":{"rendered":"<p>Herzlich willkommen im FCN-Team! Ausbildungsleiter Burkhard Walch begr\u00fc\u00dfte f\u00fcnf neue Nachwuchskr\u00e4fte und w\u00fcnschte den jungen Mitarbeiterinnen und Mitarbeitern alles Gute f\u00fcr die berufliche Zukunft. Bei einer Willkommensveranstaltung konnten die \u201eNeuen\u201c bereits viele interessante Einblicke gewinnen: Nach der Vorstellung des Unternehmens und der ersten Einweisung gab es ein kleines Fr\u00fchst\u00fcck. Danach ging es weiter zur Betriebsbesichtigung ins Betonwerk\/Fertigteiltechnik in der Frankfurter Stra\u00dfe in Fulda. Nach dem Mittagessen stand dann das Kennenlernen der jeweiligen Abteilungen auf der Tagesordnung, in denen die jungen Mitarbeiter zuerst eingesetzt werden.<br \/>\nCeline Feick, Adelina Schuller und Antonia Walter starten eine Ausbildung zur Industriekauffrau, Jonas Kling ist angehender Aufbereitungsmechaniker \u2013 Fachrichtung Naturstein. Das Nachwuchsteam erg\u00e4nzt Jessica Dr\u00e4ger, die neue FOS-Praktikantin bei FCN.  <\/p>\n","protected":false},"excerpt":{"rendered":"<div class=\"tmnf_excerpt\"><p>Herzlich willkommen im FCN-Team! Ausbildungsleiter Burkhard Walch begr\u00fc\u00dfte f\u00fcnf neue Nachwuchskr\u00e4fte und w\u00fcnschte den jungen Mitarbeiterinnen und Mitarbeitern alles Gute f\u00fcr die berufliche Zukunft. Bei einer Willkommensveranstaltung konnten die \u201eNeuen\u201c bereits viele interessante Einblicke gewinnen: Nach der Vorstellung des Unternehmens und der ersten Einweisung gab es ein kleines Fr\u00fchst\u00fcck. Danach ging es weiter zur Betriebsbesichtigung &hellip;<\/p>\n<\/div>","protected":false},"author":1,"featured_media":166077,"comment_status":"closed","ping_status":"closed","sticky":false,"template":"","format":"standard","meta":{"footnotes":""},"categories":[1],"tags":[],"class_list":["post-166075","post","type-post","status-publish","format-standard","has-post-thumbnail","hentry","category-startseite"],"_links":{"self":[{"href":"https:\/\/www.fuldaernachrichten.de\/index.php?rest_route=\/wp\/v2\/posts\/166075","targetHints":{"allow":["GET"]}}],"collection":[{"href":"https:\/\/www.fuldaernachrichten.de\/index.php?rest_route=\/wp\/v2\/posts"}],"about":[{"href":"https:\/\/www.fuldaernachrichten.de\/index.php?rest_route=\/wp\/v2\/types\/post"}],"author":[{"embeddable":true,"href":"https:\/\/www.fuldaernachrichten.de\/index.php?rest_route=\/wp\/v2\/users\/1"}],"replies":[{"embeddable":true,"href":"https:\/\/www.fuldaernachrichten.de\/index.php?rest_route=%2Fwp%2Fv2%2Fcomments&post=166075"}],"version-history":[{"count":1,"href":"https:\/\/www.fuldaernachrichten.de\/index.php?rest_route=\/wp\/v2\/posts\/166075\/revisions"}],"predecessor-version":[{"id":166078,"href":"https:\/\/www.fuldaernachrichten.de\/index.php?rest_route=\/wp\/v2\/posts\/166075\/revisions\/166078"}],"wp:featuredmedia":[{"embeddable":true,"href":"https:\/\/www.fuldaernachrichten.de\/index.php?rest_route=\/wp\/v2\/media\/166077"}],"wp:attachment":[{"href":"https:\/\/www.fuldaernachrichten.de\/index.php?rest_route=%2Fwp%2Fv2%2Fmedia&parent=166075"}],"wp:term":[{"taxonomy":"category","embeddable":true,"href":"https:\/\/www.fuldaernachrichten.de\/index.php?rest_route=%2Fwp%2Fv2%2Fcategories&post=166075"},{"taxonomy":"post_tag","embeddable":true,"href":"https:\/\/www.fuldaernachrichten.de\/index.php?rest_route=%2Fwp%2Fv2%2Ftags&post=166075"}],"curies":[{"name":"wp","href":"https:\/\/api.w.org\/{rel}","templated":true}]}}