{"id":166071,"date":"2017-08-07T11:30:15","date_gmt":"2017-08-07T09:30:15","guid":{"rendered":"http:\/\/www.fuldaer-nachrichten.de\/?p=166071"},"modified":"2017-08-07T11:30:15","modified_gmt":"2017-08-07T09:30:15","slug":"wemo-tec-antwortet-auf-verstaerktes-umweltbewusstsein-mit-neun-umweltfreundlichen-genie-buehnen","status":"publish","type":"post","link":"https:\/\/www.fuldaernachrichten.de\/?p=166071","title":{"rendered":"* WEMO-TEC ANTWORTET AUF VERST\u00c4RKTES UMWELTBEWUSSTSEIN  MIT NEUN UMWELTFREUNDLICHEN GENIE\u00c2\u00ae B\u00dcHNEN"},"content":{"rendered":"<p>Der Zugangstechnik-Profi WEMO-tec mit Hauptsitz im hessischen Eichenzell bei Fulda bietet ab Juli 2017 seinen Kunden bundesland\u00fcbergreifend eine neue Maschinenkategorie umweltfreundlicher Arbeitsb\u00fchnen im Maschinenpark an. Der Bedarf f\u00fcr diese B\u00fchnen wird nach Einsch\u00e4tzung von WEMO-tec aufgrund gestiegenen Umweltbewusstseins bei Kunden und an Einsatzorten weiter zunehmen. Diese neue Strategie findet in der Lieferung von drei neuen 2-in-1 hybriden 20-Meter Genie\u00c2\u00ae Z\u00e2\u201e\u00a2 60\/37 FE Arbeitsb\u00fchnen, drei GS\u00e2\u201e\u00a2-3369BE Bi-Energy Scherenarbeitsb\u00fchnen mit Arbeitsh\u00f6hen von knapp 12 m und drei rein-elektrischen 12-Meter Z-33\/18 Gelenkteleskoparbeitsb\u00fchnen ihre Umsetzung. Lesen Sie mehr \u00fcber die wachsende Bedeutung des Sensibilisierungsprozess f\u00fcr die Mietbranche von Herrn Joachim Nie\u00dfner, Gesch\u00e4ftsf\u00fchrer der WEMO-tec GmbH&#8230;<\/p>\n","protected":false},"excerpt":{"rendered":"<div class=\"tmnf_excerpt\"><p>Der Zugangstechnik-Profi WEMO-tec mit Hauptsitz im hessischen Eichenzell bei Fulda bietet ab Juli 2017 seinen Kunden bundesland\u00fcbergreifend eine neue Maschinenkategorie umweltfreundlicher Arbeitsb\u00fchnen im Maschinenpark an. Der Bedarf f\u00fcr diese B\u00fchnen wird nach Einsch\u00e4tzung von WEMO-tec aufgrund gestiegenen Umweltbewusstseins bei Kunden und an Einsatzorten weiter zunehmen. Diese neue Strategie findet in der Lieferung von drei neuen &hellip;<\/p>\n<\/div>","protected":false},"author":1,"featured_media":166085,"comment_status":"closed","ping_status":"closed","sticky":false,"template":"","format":"standard","meta":{"footnotes":""},"categories":[1],"tags":[],"class_list":["post-166071","post","type-post","status-publish","format-standard","has-post-thumbnail","hentry","category-startseite"],"_links":{"self":[{"href":"https:\/\/www.fuldaernachrichten.de\/index.php?rest_route=\/wp\/v2\/posts\/166071","targetHints":{"allow":["GET"]}}],"collection":[{"href":"https:\/\/www.fuldaernachrichten.de\/index.php?rest_route=\/wp\/v2\/posts"}],"about":[{"href":"https:\/\/www.fuldaernachrichten.de\/index.php?rest_route=\/wp\/v2\/types\/post"}],"author":[{"embeddable":true,"href":"https:\/\/www.fuldaernachrichten.de\/index.php?rest_route=\/wp\/v2\/users\/1"}],"replies":[{"embeddable":true,"href":"https:\/\/www.fuldaernachrichten.de\/index.php?rest_route=%2Fwp%2Fv2%2Fcomments&post=166071"}],"version-history":[{"count":1,"href":"https:\/\/www.fuldaernachrichten.de\/index.php?rest_route=\/wp\/v2\/posts\/166071\/revisions"}],"predecessor-version":[{"id":166086,"href":"https:\/\/www.fuldaernachrichten.de\/index.php?rest_route=\/wp\/v2\/posts\/166071\/revisions\/166086"}],"wp:featuredmedia":[{"embeddable":true,"href":"https:\/\/www.fuldaernachrichten.de\/index.php?rest_route=\/wp\/v2\/media\/166085"}],"wp:attachment":[{"href":"https:\/\/www.fuldaernachrichten.de\/index.php?rest_route=%2Fwp%2Fv2%2Fmedia&parent=166071"}],"wp:term":[{"taxonomy":"category","embeddable":true,"href":"https:\/\/www.fuldaernachrichten.de\/index.php?rest_route=%2Fwp%2Fv2%2Fcategories&post=166071"},{"taxonomy":"post_tag","embeddable":true,"href":"https:\/\/www.fuldaernachrichten.de\/index.php?rest_route=%2Fwp%2Fv2%2Ftags&post=166071"}],"curies":[{"name":"wp","href":"https:\/\/api.w.org\/{rel}","templated":true}]}}