{"id":166066,"date":"2017-08-07T11:27:01","date_gmt":"2017-08-07T09:27:01","guid":{"rendered":"http:\/\/www.fuldaer-nachrichten.de\/?p=166066"},"modified":"2017-08-07T11:27:01","modified_gmt":"2017-08-07T09:27:01","slug":"ausbildungsstart-in-der-rhoen-gmbh","status":"publish","type":"post","link":"https:\/\/www.fuldaernachrichten.de\/?p=166066","title":{"rendered":"Ausbildungsstart in der Rh\u00f6n GmbH"},"content":{"rendered":"<p>In dieser Woche freuten sich Thorn Pl\u00f6ger, Gesch\u00e4ftsf\u00fchrer der Rh\u00f6n GmbH, sowie Anja Schuchert und Sabine Derleth-Streit mit Luisa Liebst eine neue Auszubildende in Bad Neustadt begr\u00fc\u00dfen zu k\u00f6nnen.<\/p>\n<p>Die Rh\u00f6n GmbH rechnet der Ausbildung einen sehr hohen Stellenwert bei. Durch die Bereitstellung von Ausbildungspl\u00e4tzen und einer optimalen Betreuung der Auszubildenden im Unternehmen m\u00f6chte die Rh\u00f6n GmbH ihren Teil f\u00fcr die nachhaltige Sicherung der Mitarbeiter von morgen leisten. Frau Luisa Liebst wird die Ausbildung im Berufsfeld Kaufmann\/-frau f\u00fcr B\u00fcromanagement durchlaufen.<\/p>\n","protected":false},"excerpt":{"rendered":"<div class=\"tmnf_excerpt\"><p>In dieser Woche freuten sich Thorn Pl\u00f6ger, Gesch\u00e4ftsf\u00fchrer der Rh\u00f6n GmbH, sowie Anja Schuchert und Sabine Derleth-Streit mit Luisa Liebst eine neue Auszubildende in Bad Neustadt begr\u00fc\u00dfen zu k\u00f6nnen. Die Rh\u00f6n GmbH rechnet der Ausbildung einen sehr hohen Stellenwert bei. Durch die Bereitstellung von Ausbildungspl\u00e4tzen und einer optimalen Betreuung der Auszubildenden im Unternehmen m\u00f6chte die &hellip;<\/p>\n<\/div>","protected":false},"author":1,"featured_media":166073,"comment_status":"closed","ping_status":"closed","sticky":false,"template":"","format":"standard","meta":{"footnotes":""},"categories":[1],"tags":[],"class_list":["post-166066","post","type-post","status-publish","format-standard","has-post-thumbnail","hentry","category-startseite"],"_links":{"self":[{"href":"https:\/\/www.fuldaernachrichten.de\/index.php?rest_route=\/wp\/v2\/posts\/166066","targetHints":{"allow":["GET"]}}],"collection":[{"href":"https:\/\/www.fuldaernachrichten.de\/index.php?rest_route=\/wp\/v2\/posts"}],"about":[{"href":"https:\/\/www.fuldaernachrichten.de\/index.php?rest_route=\/wp\/v2\/types\/post"}],"author":[{"embeddable":true,"href":"https:\/\/www.fuldaernachrichten.de\/index.php?rest_route=\/wp\/v2\/users\/1"}],"replies":[{"embeddable":true,"href":"https:\/\/www.fuldaernachrichten.de\/index.php?rest_route=%2Fwp%2Fv2%2Fcomments&post=166066"}],"version-history":[{"count":1,"href":"https:\/\/www.fuldaernachrichten.de\/index.php?rest_route=\/wp\/v2\/posts\/166066\/revisions"}],"predecessor-version":[{"id":166074,"href":"https:\/\/www.fuldaernachrichten.de\/index.php?rest_route=\/wp\/v2\/posts\/166066\/revisions\/166074"}],"wp:featuredmedia":[{"embeddable":true,"href":"https:\/\/www.fuldaernachrichten.de\/index.php?rest_route=\/wp\/v2\/media\/166073"}],"wp:attachment":[{"href":"https:\/\/www.fuldaernachrichten.de\/index.php?rest_route=%2Fwp%2Fv2%2Fmedia&parent=166066"}],"wp:term":[{"taxonomy":"category","embeddable":true,"href":"https:\/\/www.fuldaernachrichten.de\/index.php?rest_route=%2Fwp%2Fv2%2Fcategories&post=166066"},{"taxonomy":"post_tag","embeddable":true,"href":"https:\/\/www.fuldaernachrichten.de\/index.php?rest_route=%2Fwp%2Fv2%2Ftags&post=166066"}],"curies":[{"name":"wp","href":"https:\/\/api.w.org\/{rel}","templated":true}]}}