{"id":166065,"date":"2017-08-07T11:26:27","date_gmt":"2017-08-07T09:26:27","guid":{"rendered":"http:\/\/www.fuldaer-nachrichten.de\/?p=166065"},"modified":"2017-08-07T11:26:27","modified_gmt":"2017-08-07T09:26:27","slug":"bundestagskandidatin-eva-goldbach-mdl-gruene-besucht-pascoe-naturmedizin","status":"publish","type":"post","link":"https:\/\/www.fuldaernachrichten.de\/?p=166065","title":{"rendered":"Bundestagskandidatin Eva Goldbach MdL (GR\u00dcNE) besucht Pascoe Naturmedizin"},"content":{"rendered":"<p>Am Dienstag, den 1. August, waren die Landtagsabgeordnete und Direktkandidatin f\u00fcr die Bundestagswahl, Eva Goldbach (GR\u00dcNE) sowie Vertreter*innen der Gie\u00dfener GR\u00dcNEN zu Gast bei Pascoe Naturmedizin in Gie\u00dfen.<\/p>\n<p>Die Firmeninhaber, Annette und J\u00fcrgen Pascoe, begr\u00fc\u00dften die Politikerinnen und Politiker in ihren Gesch\u00e4ftsr\u00e4umen im Schiffenberger Weg. Sie pr\u00e4sentierten den Besuchern das Firmenkonzept und gaben einen Einblick in die Geschichte des Unternehmens. Der Naturmedizinhersteller ist seit rund 120 Jahren in Gie\u00dfen ans\u00e4ssig und setzt im Wettbewerb um Fachkr\u00e4fte auf ein Drei-S\u00e4ulen-Modell bestehend aus Strategie, Kommunikation und Gesundheitsmanagement. Unter anderem dieser Ansatz brachte dem Unternehmen 2017 den 1. Platz beim Wettbewerb \u201eDeutschlands bester Arbeitgeber\u201c ein.<\/p>\n<p>Im Anschluss an das interessante Gespr\u00e4ch wurden die G\u00e4ste aus der Politik durch die Produktionsr\u00e4ume gef\u00fchrt. Neben spannenden Einblicken in die Arbeitsabl\u00e4ufe ergaben sich viele Gelegenheiten zu Gespr\u00e4chen mit Mitarbeiterinnen und Mitarbeitern.<\/p>\n<p>Mit dem Bau eines neuen Firmengeb\u00e4udes im Gie\u00dfener Europaviertel soll mehr Platz geschaffen werden, um die gro\u00dfe Nachfrage nach den Produkten weiterhin bedienen zu k\u00f6nnen. \u201eWir freuen uns, dass Sie den Standort in Gie\u00dfen erhalten und damit als Traditionsunternehmen in Mittelhessen bleiben\u201c, sagte Eva Goldbach abschlie\u00dfend. <\/p>\n","protected":false},"excerpt":{"rendered":"<div class=\"tmnf_excerpt\"><p>Am Dienstag, den 1. August, waren die Landtagsabgeordnete und Direktkandidatin f\u00fcr die Bundestagswahl, Eva Goldbach (GR\u00dcNE) sowie Vertreter*innen der Gie\u00dfener GR\u00dcNEN zu Gast bei Pascoe Naturmedizin in Gie\u00dfen. Die Firmeninhaber, Annette und J\u00fcrgen Pascoe, begr\u00fc\u00dften die Politikerinnen und Politiker in ihren Gesch\u00e4ftsr\u00e4umen im Schiffenberger Weg. Sie pr\u00e4sentierten den Besuchern das Firmenkonzept und gaben einen Einblick &hellip;<\/p>\n<\/div>","protected":false},"author":1,"featured_media":166069,"comment_status":"closed","ping_status":"closed","sticky":false,"template":"","format":"standard","meta":{"footnotes":""},"categories":[1],"tags":[],"class_list":["post-166065","post","type-post","status-publish","format-standard","has-post-thumbnail","hentry","category-startseite"],"_links":{"self":[{"href":"https:\/\/www.fuldaernachrichten.de\/index.php?rest_route=\/wp\/v2\/posts\/166065","targetHints":{"allow":["GET"]}}],"collection":[{"href":"https:\/\/www.fuldaernachrichten.de\/index.php?rest_route=\/wp\/v2\/posts"}],"about":[{"href":"https:\/\/www.fuldaernachrichten.de\/index.php?rest_route=\/wp\/v2\/types\/post"}],"author":[{"embeddable":true,"href":"https:\/\/www.fuldaernachrichten.de\/index.php?rest_route=\/wp\/v2\/users\/1"}],"replies":[{"embeddable":true,"href":"https:\/\/www.fuldaernachrichten.de\/index.php?rest_route=%2Fwp%2Fv2%2Fcomments&post=166065"}],"version-history":[{"count":1,"href":"https:\/\/www.fuldaernachrichten.de\/index.php?rest_route=\/wp\/v2\/posts\/166065\/revisions"}],"predecessor-version":[{"id":166070,"href":"https:\/\/www.fuldaernachrichten.de\/index.php?rest_route=\/wp\/v2\/posts\/166065\/revisions\/166070"}],"wp:featuredmedia":[{"embeddable":true,"href":"https:\/\/www.fuldaernachrichten.de\/index.php?rest_route=\/wp\/v2\/media\/166069"}],"wp:attachment":[{"href":"https:\/\/www.fuldaernachrichten.de\/index.php?rest_route=%2Fwp%2Fv2%2Fmedia&parent=166065"}],"wp:term":[{"taxonomy":"category","embeddable":true,"href":"https:\/\/www.fuldaernachrichten.de\/index.php?rest_route=%2Fwp%2Fv2%2Fcategories&post=166065"},{"taxonomy":"post_tag","embeddable":true,"href":"https:\/\/www.fuldaernachrichten.de\/index.php?rest_route=%2Fwp%2Fv2%2Ftags&post=166065"}],"curies":[{"name":"wp","href":"https:\/\/api.w.org\/{rel}","templated":true}]}}