{"id":166055,"date":"2017-08-07T11:24:25","date_gmt":"2017-08-07T09:24:25","guid":{"rendered":"http:\/\/www.fuldaer-nachrichten.de\/?p=166055"},"modified":"2017-08-07T11:24:25","modified_gmt":"2017-08-07T09:24:25","slug":"grundsteinlegung-des-neubaus-der-tagesfoerderstaette-der-bhvb-behindertenhilfe-vogelsbergkreis-e-v-projekt-ueber-zwei-millionen-euro","status":"publish","type":"post","link":"https:\/\/www.fuldaernachrichten.de\/?p=166055","title":{"rendered":"Grundsteinlegung des Neubaus der Tagesf\u00f6rderst\u00e4tte der bhvb &#8211; Behindertenhilfe Vogelsbergkreis e.V. \u2013 Projekt \u00fcber zwei Millionen Euro"},"content":{"rendered":"<p>\u201eEndlich ist es soweit!\u201c \u2013 Katja Diehl, Vorstandsvorsitzende der bhvb &#8211; Behindertenhilfe Vogelsbergkreis e.V. konnte ihre Begeisterung anl\u00e4sslich der Grundsteinlegung f\u00fcr den Neubau der Tagesf\u00f6rderst\u00e4tte der bhvb auf dem Gel\u00e4nde der Werkstatt in Herbstein am vergangenen Dienstag nicht verhehlen. Das musste sie auch nicht, denn mit ihr teilten zahlreiche G\u00e4ste, Projektbegleiter, Besch\u00e4ftigte und Mitarbeitende die Freude \u00fcber den Baubeginn dieser, wie sie sagte, \u201el\u00e4ngst \u00fcberf\u00e4lligen Ma\u00dfnahme\u201c. <\/p>\n<p>Einst konzipiert f\u00fcr zw\u00f6lf Menschen, werden in der Tagesf\u00f6rderst\u00e4tte heute drei\u00dfig Menschen mit verschiedensten Behinderungen und Einschr\u00e4nkungen betreut, f\u00fchrte Diehl aus und beschrieb eine Situation, die sowohl f\u00fcr die betreuenden Besch\u00e4ftigten der bhvb als auch f\u00fcr die Menschen selbst kaum zufriedenstellend war. Zum einen sei es unter diesen Voraussetzungen nicht m\u00f6glich gewesen, jeden einzelnen Menschen so zu betreuen, wie es n\u00f6tig sei, zum anderen h\u00e4tten einzelne Menschen mit Behinderung und psychischen Auff\u00e4lligkeiten diese mitunter noch verst\u00e4rkt. \u201eWir verbessern mit diesem Neubau die Lebens- und F\u00f6rdersituation unserer Menschen und Besch\u00e4ftigten ganz erheblich\u201c, betonte Diehl, die ganz besonders dem Betreuungspersonal f\u00fcr seinen herausragenden Einsatz unter nicht optimalen Bedingungen dankte.<\/p>\n<p>Das neue Konzept der Tagesf\u00f6rderst\u00e4tte sieht auf einem Gel\u00e4nde von 750 Quadratmetern sechs miteinander verbundene Gruppenr\u00e4ume vor, dazu ein Au\u00dfenbereich f\u00fcr jeden Raum, einen gro\u00dfz\u00fcgigen Sanit\u00e4rbereich f\u00fcr jede Gruppe, einen Therapieraum f\u00fcr externe und intern angebotene Therapien sowie einen Snoozelraum und ein ger\u00e4umiges, gut ausgestattetes Pflegebad. \u201eAll das ist f\u00fcr die Menschen in der Tagesf\u00f6rderst\u00e4tte von gro\u00dfer Bedeutung\u201c, f\u00fchrte die Vorstandsvorsitzende aus. Die Tagesf\u00f6rderst\u00e4tte dient Menschen mit Schwerstmehrfachbehinderungen, die keiner gewerblichen T\u00e4tigkeit in der Werkstatt nachgehen k\u00f6nnen, als \u201ezweites Milieu\u201c, skizzierte sie die Bedeutung dieser Einrichtung. \u201eWir schaffen f\u00fcr diese Menschen eine Tagesstruktur au\u00dferhalb ihres Wohnumfeldes, erm\u00f6glichen Begegnung und Besch\u00e4ftigung und st\u00e4rken so ihre Teilhabe an einem Leben au\u00dferhalb der Wohnung.\u201c Daher sei es auch von gro\u00dfer Bedeutung, dass die Tagesf\u00f6rderst\u00e4tte in direkter N\u00e4he zur Werkstatt und der Kantine der Werkstatt angegliedert sei. \u201eWir freuen uns sehr, dass dies nun alles auf unserem Gel\u00e4nde m\u00f6glich wird\u201c, so Diehl, die auch die Finanzierung des Zwei-Millionen-Projekts ganz offen ansprach: Gut ein Drittel tr\u00e4gt mit 705.000 Euro das Hessische Sozialministerium. Einen weiteren gro\u00dfen Beitrag leistet die Aktion Mensch mit 110.000 Euro. 20% der Bausumme konnte die bhvb &#8211; Behindertenhilfe Vogelsbergkreis e.V. aus Eigenmitteln schultern, der Rest kommt als Darlehen hinzu, das wiederum vom Tr\u00e4ger der bhvb, dem Landeswohlfahrtsverband (LWV), zur Verf\u00fcgung gestellt wird.<\/p>\n<p>Diehl dankte in ihrer Ansprache allen Projektbegleitern, darunter ganz besonders den beiden Architektur- und Planungsb\u00fcros, der Stadt Herbstein, die mit ihrer Zustimmung zur F\u00f6rderung des Landes diese erst erm\u00f6glicht hat, sowie den Partnern des LWV. Ganz ausdr\u00fccklich w\u00fcrdigte sie auch den Anteil der Besch\u00e4ftigten an der Konzeptionierung und Ausgestaltung der neuen Tagesf\u00f6rderst\u00e4tte. Namentlich dankte sie hier dem ehemaligen Werkstattleiter Berthold Sommer sowie dessen Nachfolger Udo Czerwinka.<\/p>\n<p>Als Vertreter des Landkreises war der Erste Kreisbeigeordnete Dr. Jens Mischak zur Grundsteinlegung erschienen. Er unterstrich in seiner Ansprache die Bedeutung der bhvb f\u00fcr den Standort Herbstein und die Region. \u201eDie bhvb ist ein verl\u00e4sslicher, starker, gut vernetzter Partner in der Region\u201c, so Dr. Mischak, \u201enicht nur im Blick auf die Betreuung und Besch\u00e4ftigung von Menschen mit Behinderung, sondern auch in vielen anderen Gebieten wie der Eingliederungshilfe, der Fr\u00fchf\u00f6rderung, der Jugendhilfe und der Betreuung von minderj\u00e4hrigen Fl\u00fcchtlingen.\u201c Den Neubau der Tagesf\u00f6rderst\u00e4tte bezeichnete der Wirtschaftsdezernent als eine \u201eInvestition in die Zukunft\u201c, die auch inklusiven Charakter habe. \u201eInklusion\u201c, so Dr. Mischak, \u201eschaffen weder Politik noch Tr\u00e4ger alleine, sie ist eine gesamtgesellschaftliche Aufgabe, die gemeinsam gedacht werden muss.\u201c<\/p>\n<p>Herbsteins B\u00fcrgermeister Bernhard Ziegler, seines Zeichens auch stellvertretender Aufsichtsratsvorsitzender der bhvb, war seit langem in die Planungen involviert. Umso erfreuter zeigte auch er sich, dass die Bauma\u00dfnahmen auf dem Werkstattgel\u00e4nde nun begonnen haben. Er unterstrich die beeindruckende Entwicklung der bhvb, die mit inzwischen 300 Besch\u00e4ftigten und mehr als 500 betreuten Menschen ein wichtiger Faktor in der Region sei. Dabei m\u00fcsse die Einrichtung auch wie ein Unternehmen am Markt agieren, beschrieb Ziegler eine weitere Facette der Arbeit der bhvb. F\u00fcr Herbstein sei die Werkstatt l\u00e4ngst Teil der Gesellschaft und des Ortes geworden, betonte der Rathauschef, der zu der Grundsteinlegung die Gl\u00fcckw\u00fcnsche sowohl der st\u00e4dtischen Gremien als auch der Vereine und B\u00fcrgerinnen und B\u00fcrger \u00fcberbrachte.<\/p>\n<p>Zur Grundsteinlegung schlie\u00dflich versammelte sich eine ganz Gruppe an dem Ort des Geschehens: Katja Diehl, Dr. Jens Mischak, Bernhard Ziegler, Aufsichtsratsvorsitzender Hans-Ulrich Lipphardt, Vorstandsmitglied Frank Haberzettl, Thomas Otte vom Architekturb\u00fcro BBO und Peter Schwan, 1. Stadtrat der Stadt Herbstein, bef\u00fcllten den Metallzylinder mit einer Ausgabe der lokalen und einer \u00fcberregionalen Tageszeitung, mit einer Ausgabe der hausinternen bhvb-Zeitung \u201etransparent\u201c, den Baupl\u00e4nen sowie einem Set Eurom\u00fcnzen. Vor Ort wurde das Beh\u00e4ltnis fachm\u00e4nnisch zugel\u00f6tet und symbolisch in das Mauerwerk gelegt.<\/p>\n<p>Nun hoffen alle Beteiligten, dass noch vor dem Vogelsberger Wintereinbruch der Rohbau steht und die neue Tagesf\u00f6rderst\u00e4tte im kommenden Sommer eingeweiht werden kann.<\/p>\n","protected":false},"excerpt":{"rendered":"<div class=\"tmnf_excerpt\"><p>\u201eEndlich ist es soweit!\u201c \u2013 Katja Diehl, Vorstandsvorsitzende der bhvb &#8211; Behindertenhilfe Vogelsbergkreis e.V. konnte ihre Begeisterung anl\u00e4sslich der Grundsteinlegung f\u00fcr den Neubau der Tagesf\u00f6rderst\u00e4tte der bhvb auf dem Gel\u00e4nde der Werkstatt in Herbstein am vergangenen Dienstag nicht verhehlen. Das musste sie auch nicht, denn mit ihr teilten zahlreiche G\u00e4ste, Projektbegleiter, Besch\u00e4ftigte und Mitarbeitende die &hellip;<\/p>\n<\/div>","protected":false},"author":1,"featured_media":166056,"comment_status":"closed","ping_status":"closed","sticky":false,"template":"","format":"gallery","meta":{"footnotes":""},"categories":[1],"tags":[],"class_list":["post-166055","post","type-post","status-publish","format-gallery","has-post-thumbnail","hentry","category-startseite","post_format-post-format-gallery"],"_links":{"self":[{"href":"https:\/\/www.fuldaernachrichten.de\/index.php?rest_route=\/wp\/v2\/posts\/166055","targetHints":{"allow":["GET"]}}],"collection":[{"href":"https:\/\/www.fuldaernachrichten.de\/index.php?rest_route=\/wp\/v2\/posts"}],"about":[{"href":"https:\/\/www.fuldaernachrichten.de\/index.php?rest_route=\/wp\/v2\/types\/post"}],"author":[{"embeddable":true,"href":"https:\/\/www.fuldaernachrichten.de\/index.php?rest_route=\/wp\/v2\/users\/1"}],"replies":[{"embeddable":true,"href":"https:\/\/www.fuldaernachrichten.de\/index.php?rest_route=%2Fwp%2Fv2%2Fcomments&post=166055"}],"version-history":[{"count":1,"href":"https:\/\/www.fuldaernachrichten.de\/index.php?rest_route=\/wp\/v2\/posts\/166055\/revisions"}],"predecessor-version":[{"id":166061,"href":"https:\/\/www.fuldaernachrichten.de\/index.php?rest_route=\/wp\/v2\/posts\/166055\/revisions\/166061"}],"wp:featuredmedia":[{"embeddable":true,"href":"https:\/\/www.fuldaernachrichten.de\/index.php?rest_route=\/wp\/v2\/media\/166056"}],"wp:attachment":[{"href":"https:\/\/www.fuldaernachrichten.de\/index.php?rest_route=%2Fwp%2Fv2%2Fmedia&parent=166055"}],"wp:term":[{"taxonomy":"category","embeddable":true,"href":"https:\/\/www.fuldaernachrichten.de\/index.php?rest_route=%2Fwp%2Fv2%2Fcategories&post=166055"},{"taxonomy":"post_tag","embeddable":true,"href":"https:\/\/www.fuldaernachrichten.de\/index.php?rest_route=%2Fwp%2Fv2%2Ftags&post=166055"}],"curies":[{"name":"wp","href":"https:\/\/api.w.org\/{rel}","templated":true}]}}