{"id":166049,"date":"2017-08-07T11:25:19","date_gmt":"2017-08-07T09:25:19","guid":{"rendered":"http:\/\/www.fuldaer-nachrichten.de\/?p=166049"},"modified":"2017-08-07T11:25:19","modified_gmt":"2017-08-07T09:25:19","slug":"mannschaftstransportwagen-des-drk-ortsvereins-und-erweiterung-fliedetalschule-kreiszuschuss-und-auftragsvergaben-in-flieden","status":"publish","type":"post","link":"https:\/\/www.fuldaernachrichten.de\/?p=166049","title":{"rendered":"Mannschaftstransportwagen des DRK-Ortsvereins und Erweiterung Fliedetalschule &#8211; Kreiszuschuss und Auftragsvergaben in Flieden"},"content":{"rendered":"<p>Der DRK-Ortsverein Flieden erh\u00e4lt zu den Anschaffungskosten f\u00fcr einen neuen Mannschaftstransportwagen einen Zuschuss des Landkreises von 3.000 Euro. Der Ortsverein wirkt im Katastrophenschutz mit und stellt die Besatzung des zweiten Betreuungszugs. Im Rahmen des Ersatzneubaus der Fliedetalschule wurden f\u00fcr 109.100 Euro die Au\u00dfenputzarbeiten und f\u00fcr 39.300 Euro die Fassadenverkleidung vergeben.<\/p>\n","protected":false},"excerpt":{"rendered":"<div class=\"tmnf_excerpt\"><p>Der DRK-Ortsverein Flieden erh\u00e4lt zu den Anschaffungskosten f\u00fcr einen neuen Mannschaftstransportwagen einen Zuschuss des Landkreises von 3.000 Euro. Der Ortsverein wirkt im Katastrophenschutz mit und stellt die Besatzung des zweiten Betreuungszugs. Im Rahmen des Ersatzneubaus der Fliedetalschule wurden f\u00fcr 109.100 Euro die Au\u00dfenputzarbeiten und f\u00fcr 39.300 Euro die Fassadenverkleidung vergeben.<\/p>\n<\/div>","protected":false},"author":1,"featured_media":0,"comment_status":"closed","ping_status":"closed","sticky":false,"template":"","format":"standard","meta":{"footnotes":""},"categories":[1],"tags":[],"class_list":["post-166049","post","type-post","status-publish","format-standard","hentry","category-startseite"],"_links":{"self":[{"href":"https:\/\/www.fuldaernachrichten.de\/index.php?rest_route=\/wp\/v2\/posts\/166049","targetHints":{"allow":["GET"]}}],"collection":[{"href":"https:\/\/www.fuldaernachrichten.de\/index.php?rest_route=\/wp\/v2\/posts"}],"about":[{"href":"https:\/\/www.fuldaernachrichten.de\/index.php?rest_route=\/wp\/v2\/types\/post"}],"author":[{"embeddable":true,"href":"https:\/\/www.fuldaernachrichten.de\/index.php?rest_route=\/wp\/v2\/users\/1"}],"replies":[{"embeddable":true,"href":"https:\/\/www.fuldaernachrichten.de\/index.php?rest_route=%2Fwp%2Fv2%2Fcomments&post=166049"}],"version-history":[{"count":1,"href":"https:\/\/www.fuldaernachrichten.de\/index.php?rest_route=\/wp\/v2\/posts\/166049\/revisions"}],"predecessor-version":[{"id":166064,"href":"https:\/\/www.fuldaernachrichten.de\/index.php?rest_route=\/wp\/v2\/posts\/166049\/revisions\/166064"}],"wp:attachment":[{"href":"https:\/\/www.fuldaernachrichten.de\/index.php?rest_route=%2Fwp%2Fv2%2Fmedia&parent=166049"}],"wp:term":[{"taxonomy":"category","embeddable":true,"href":"https:\/\/www.fuldaernachrichten.de\/index.php?rest_route=%2Fwp%2Fv2%2Fcategories&post=166049"},{"taxonomy":"post_tag","embeddable":true,"href":"https:\/\/www.fuldaernachrichten.de\/index.php?rest_route=%2Fwp%2Fv2%2Ftags&post=166049"}],"curies":[{"name":"wp","href":"https:\/\/api.w.org\/{rel}","templated":true}]}}