{"id":166046,"date":"2017-08-07T11:23:21","date_gmt":"2017-08-07T09:23:21","guid":{"rendered":"http:\/\/www.fuldaer-nachrichten.de\/?p=166046"},"modified":"2017-08-07T11:23:21","modified_gmt":"2017-08-07T09:23:21","slug":"mediana-drei-wochen-ferienbetreuung-fuer-mitarbeiter-kinder-und-gaeste","status":"publish","type":"post","link":"https:\/\/www.fuldaernachrichten.de\/?p=166046","title":{"rendered":"Mediana: Drei Wochen Ferienbetreuung f\u00fcr Mitarbeiter-Kinder und G\u00e4ste"},"content":{"rendered":"<p>Spiel, Spannung, Spa\u00df \u2013 so sollen Sommerferien f\u00fcr Kinder sein. Doch was tun, wenn die Eltern keine sechs Wochen Urlaub haben, um diese Zeit mit ihrem Nachwuchs zu verbringen? Beim Pflegedienstleister Mediana hat man daf\u00fcr bereits im vierten Jahr in Folge eine passende Antwort: eine Ferienbetreuung f\u00fcr die Kinder der Mitarbeiter sowie f\u00fcr externe G\u00e4ste. Die Eltern zahlen daf\u00fcr einen kleinen Betrag \u2013 f\u00fcr Mitarbeiter bezuschusst Mediana als Arbeitgeber das Programm zus\u00e4tzlich. \u201eIn diesem Jahr haben wir zum ersten Mal ein dreiw\u00f6chiges Programm auf die Beine gestellt \u2013 mit gro\u00dfem Erfolg, denn rund 50 Kinder im Alter zwischen drei und dreizehn Jahren haben insgesamt daran teilgenommen, einige davon haben sich in dieser Zeit noch nachgemeldet\u201c, erz\u00e4hlt Jessica Otterbein, Assistentin der Mediana-Gesch\u00e4ftsf\u00fchrung und mit ihrer Kollegin Hannah Koch zust\u00e4ndig f\u00fcr die Organisation. <\/p>\n<p>In mehreren Vorbereitungstreffen ist gemeinsam mit den in der Kinderbetreuung erfahrenen Kr\u00e4ften Martyna Aha, Claudia Schulz, Kira Haverkamp, Alina Weigelt und Natalie Wingenfeld quasi ein \u201eStundenplan\u201c vom fr\u00fchen Morgen bis zum Nachmittag entstanden. Im Gegensatz zur Schule allerdings war der von Mediana entworfene jedoch ganz am Geschmack der Kids ausgerichtet: Die erste Woche galt dem Schwerpunktthema Film und Theater. Die jungen G\u00e4ste durften einen seltenen Blick hinter die Kulissen des Kinos werfen und sie stellten fantasievoll und kreativ ein kleines Theaterst\u00fcck um die Eroberung Amerikas durch Christoph Kolumbus auf die Beine. In der zweiten Woche wurde es sportlich: Olympia war das Motto, bei dem Disziplinen wie Dosenwerfen und Sackh\u00fcpfen genauso Spa\u00df machten wie ein Tanzunterricht im Steps `n` Styles. Hier wurden selbst Tanzskeptiker motiviert, interessante Schritte zu erlernen und am Ende der Woche den Eltern vorzuf\u00fchren. In der letzten Woche ging es raus in die Natur \u2013 auch wenn das Wetter sich keinesfalls sommerw\u00fcrdig zeigte, tat das dem Vergn\u00fcgen bei der Walderkundung mit Revierleiter Marbach Sebastian Kasanmascheff vom hessischen Forstamt und dem Besuch des Bauernhofs der Familie Eckart in Dipperz keinen Abbruch. Zudem besuchten die Kids das Fuldaer Planetarium, erprobten die Drucktechnik Monotypie in einem Workshop der Kinder-Akademie, stellten selbst Eis und Waffeln her, s\u00e4ten Blumen in selbstbemalten Blument\u00f6pfen, und, und, und\u00e2\u20ac\u00a6 Am Ende jeder Woche konnten sich die Eltern noch einmal davon \u00fcberzeugen, wie viel Spa\u00df ihr Nachwuchs beim Programm hatte: Gemeinsam wurde gegrillt und es gab kleine Vorf\u00fchrungen von Theater, Tanz und olympischen Disziplinen.<\/p>\n<p>Welche Aktion der Ferienbetreuung die beste war? Diese Frage stellte Jessica Otterbein den Kindern beim gemeinsamen Grillen.  Vom Eismachen bis zum Kinobesuch wurde hier alles genannt, was auf dem Plan stand. \u201eDann haben wir wohl alles richtig gemacht\u201c, freute sich Otterbein und f\u00fcgte an: \u201eDie meisten wollen am liebsten noch l\u00e4nger unsere Ferienbetreuung besuchen \u2013 ein gr\u00f6\u00dferes Lob kann es kaum geben.\u201c Bei so viel Spiel, Spannung und Spa\u00df vergehen drei Wochen eben wie im Flug.<\/p>\n","protected":false},"excerpt":{"rendered":"<div class=\"tmnf_excerpt\"><p>Spiel, Spannung, Spa\u00df \u2013 so sollen Sommerferien f\u00fcr Kinder sein. Doch was tun, wenn die Eltern keine sechs Wochen Urlaub haben, um diese Zeit mit ihrem Nachwuchs zu verbringen? Beim Pflegedienstleister Mediana hat man daf\u00fcr bereits im vierten Jahr in Folge eine passende Antwort: eine Ferienbetreuung f\u00fcr die Kinder der Mitarbeiter sowie f\u00fcr externe G\u00e4ste. &hellip;<\/p>\n<\/div>","protected":false},"author":1,"featured_media":166053,"comment_status":"closed","ping_status":"closed","sticky":false,"template":"","format":"standard","meta":{"footnotes":""},"categories":[1],"tags":[],"class_list":["post-166046","post","type-post","status-publish","format-standard","has-post-thumbnail","hentry","category-startseite"],"_links":{"self":[{"href":"https:\/\/www.fuldaernachrichten.de\/index.php?rest_route=\/wp\/v2\/posts\/166046","targetHints":{"allow":["GET"]}}],"collection":[{"href":"https:\/\/www.fuldaernachrichten.de\/index.php?rest_route=\/wp\/v2\/posts"}],"about":[{"href":"https:\/\/www.fuldaernachrichten.de\/index.php?rest_route=\/wp\/v2\/types\/post"}],"author":[{"embeddable":true,"href":"https:\/\/www.fuldaernachrichten.de\/index.php?rest_route=\/wp\/v2\/users\/1"}],"replies":[{"embeddable":true,"href":"https:\/\/www.fuldaernachrichten.de\/index.php?rest_route=%2Fwp%2Fv2%2Fcomments&post=166046"}],"version-history":[{"count":1,"href":"https:\/\/www.fuldaernachrichten.de\/index.php?rest_route=\/wp\/v2\/posts\/166046\/revisions"}],"predecessor-version":[{"id":166054,"href":"https:\/\/www.fuldaernachrichten.de\/index.php?rest_route=\/wp\/v2\/posts\/166046\/revisions\/166054"}],"wp:featuredmedia":[{"embeddable":true,"href":"https:\/\/www.fuldaernachrichten.de\/index.php?rest_route=\/wp\/v2\/media\/166053"}],"wp:attachment":[{"href":"https:\/\/www.fuldaernachrichten.de\/index.php?rest_route=%2Fwp%2Fv2%2Fmedia&parent=166046"}],"wp:term":[{"taxonomy":"category","embeddable":true,"href":"https:\/\/www.fuldaernachrichten.de\/index.php?rest_route=%2Fwp%2Fv2%2Fcategories&post=166046"},{"taxonomy":"post_tag","embeddable":true,"href":"https:\/\/www.fuldaernachrichten.de\/index.php?rest_route=%2Fwp%2Fv2%2Ftags&post=166046"}],"curies":[{"name":"wp","href":"https:\/\/api.w.org\/{rel}","templated":true}]}}