{"id":166045,"date":"2017-08-07T11:22:22","date_gmt":"2017-08-07T09:22:22","guid":{"rendered":"http:\/\/www.fuldaer-nachrichten.de\/?p=166045"},"modified":"2017-08-07T11:22:22","modified_gmt":"2017-08-07T09:22:22","slug":"sommernachtsklaenge-am-musikpavillon-am-12-08-in-rueckers","status":"publish","type":"post","link":"https:\/\/www.fuldaernachrichten.de\/?p=166045","title":{"rendered":"Sommernachtskl\u00e4nge am Musikpavillon am 12.08. in R\u00fcckers"},"content":{"rendered":"<p>Zum 7. Mal pr\u00e4sentiert der DRK Spielmanns- und Fanfarenzug R\u00fcckers in diesem Jahr seine Open-Air-Veranstaltung \u201cSommernachtskl\u00e4nge am Musikpavillon\u201c. Am Samstag, dem 12. August werden ab 19:30 Uhr die Trachtenkapelle Musikfreunde Weiperz und der Musikverein Hauswurz im Bier- und Weingarten am DGH R\u00fcckers ihr musikalisches K\u00f6nnen zeigen. Bei Fackelschein und gem\u00fctlicher Atmosph\u00e4re werden diverse sommerliche Getr\u00e4nke, ausgesuchte Weine, Pizza und Leckereien vom Grill angeboten.  <\/p>\n<p>Beginnen wird das musikalische Programm mit der Trachtenkapelle Musikfreunde Weiperz, die 1960 gegr\u00fcndet wurde. Der Herkunft entsprechend sind die Musiker in einer Original Spessarttracht gekleidet. Die Trachtenkapelle hat neben vielen Konzerten in den heimatlichen Kurorten in den letzten Jahren eine Reihe von erfolgreichen Auftritten erlebt. Dazu z\u00e4hlen Fernsehauftritte im ZDF Sonntagskonzert in Homberg \/ Efze, an vielen Hessentagen und beim Trachten- und Sch\u00fctzenzug am Oktoberfest in M\u00fcnchen. Als besondere H\u00f6hepunkte in der Vereinsgeschichte sind die Teilnahmen an der Benedetto Parade zu Ehren des deutschen Papst Benedikt XVI. und in 2017 an der Grande Parata zu Ehren der Patrona Bavaria in Rom zu nennen. Die musikalische Leitung liegt seit Jahresbeginn 2017 bei Bernd Kirchhof. <\/p>\n<p>Mit z\u00fcnftiger b\u00f6hmisch-m\u00e4hrischer Blasmusik wird der zweite Gastverein des Abends das Publikum begeistern. Der Musikverein Hauswurz wurde 1980 gegr\u00fcndet und steht heute unter der Leitung von Harald Lauer. Neben zahlreichen Auftritten in heimischen Gefilden konnte das Orchester auch schon Konzerte in Sachsen geben. <\/p>\n<p>Sollte die Witterung nicht mitspielen wird die Veranstaltung in das Dorfgemeinschaftshaus verlegt. Der Eintritt zu diesem Konzertabend ist frei.<\/p>\n","protected":false},"excerpt":{"rendered":"<div class=\"tmnf_excerpt\"><p>Zum 7. Mal pr\u00e4sentiert der DRK Spielmanns- und Fanfarenzug R\u00fcckers in diesem Jahr seine Open-Air-Veranstaltung \u201cSommernachtskl\u00e4nge am Musikpavillon\u201c. Am Samstag, dem 12. August werden ab 19:30 Uhr die Trachtenkapelle Musikfreunde Weiperz und der Musikverein Hauswurz im Bier- und Weingarten am DGH R\u00fcckers ihr musikalisches K\u00f6nnen zeigen. Bei Fackelschein und gem\u00fctlicher Atmosph\u00e4re werden diverse sommerliche Getr\u00e4nke, &hellip;<\/p>\n<\/div>","protected":false},"author":1,"featured_media":166050,"comment_status":"closed","ping_status":"closed","sticky":false,"template":"","format":"standard","meta":{"footnotes":""},"categories":[1],"tags":[],"class_list":["post-166045","post","type-post","status-publish","format-standard","has-post-thumbnail","hentry","category-startseite"],"_links":{"self":[{"href":"https:\/\/www.fuldaernachrichten.de\/index.php?rest_route=\/wp\/v2\/posts\/166045","targetHints":{"allow":["GET"]}}],"collection":[{"href":"https:\/\/www.fuldaernachrichten.de\/index.php?rest_route=\/wp\/v2\/posts"}],"about":[{"href":"https:\/\/www.fuldaernachrichten.de\/index.php?rest_route=\/wp\/v2\/types\/post"}],"author":[{"embeddable":true,"href":"https:\/\/www.fuldaernachrichten.de\/index.php?rest_route=\/wp\/v2\/users\/1"}],"replies":[{"embeddable":true,"href":"https:\/\/www.fuldaernachrichten.de\/index.php?rest_route=%2Fwp%2Fv2%2Fcomments&post=166045"}],"version-history":[{"count":1,"href":"https:\/\/www.fuldaernachrichten.de\/index.php?rest_route=\/wp\/v2\/posts\/166045\/revisions"}],"predecessor-version":[{"id":166051,"href":"https:\/\/www.fuldaernachrichten.de\/index.php?rest_route=\/wp\/v2\/posts\/166045\/revisions\/166051"}],"wp:featuredmedia":[{"embeddable":true,"href":"https:\/\/www.fuldaernachrichten.de\/index.php?rest_route=\/wp\/v2\/media\/166050"}],"wp:attachment":[{"href":"https:\/\/www.fuldaernachrichten.de\/index.php?rest_route=%2Fwp%2Fv2%2Fmedia&parent=166045"}],"wp:term":[{"taxonomy":"category","embeddable":true,"href":"https:\/\/www.fuldaernachrichten.de\/index.php?rest_route=%2Fwp%2Fv2%2Fcategories&post=166045"},{"taxonomy":"post_tag","embeddable":true,"href":"https:\/\/www.fuldaernachrichten.de\/index.php?rest_route=%2Fwp%2Fv2%2Ftags&post=166045"}],"curies":[{"name":"wp","href":"https:\/\/api.w.org\/{rel}","templated":true}]}}