{"id":166039,"date":"2017-08-07T11:21:33","date_gmt":"2017-08-07T09:21:33","guid":{"rendered":"http:\/\/www.fuldaer-nachrichten.de\/?p=166039"},"modified":"2017-08-07T11:21:52","modified_gmt":"2017-08-07T09:21:52","slug":"direkter-dialog-mit-verteidigungsministerin-ursula-von-der-leyen-mdb-im-deutschen-feuerwehrmuseum-in-fulda-16-august-2017-17-30-uhr","status":"publish","type":"post","link":"https:\/\/www.fuldaernachrichten.de\/?p=166039","title":{"rendered":"Direkter Dialog mit Verteidigungsministerin Ursula von der Leyen MdB im Deutschen Feuerwehrmuseum in Fulda, 16. August 2017, 17.30 Uhr"},"content":{"rendered":"<p>Auf Einladung des Bundestagsabgeordneten Michael Brand kommt Bundesverteidigungsministerin Ursula von der Leyen nach Fulda. Sie wird am Mittwoch, 16. August 2017, von 17.30 Uhr bis 18.30 Uhr in Fulda im Deutschen Feuerwehrmuseum, St. Laurentius-Stra\u00dfe 3 (http:\/\/www.dfm-fulda.de), mit Vertretern aus Ehrenamt und Rettungsdiensten sowie interessierten B\u00fcrgern u.a. zum Thema diskutieren: &#8220;Im Einsatz f\u00fcr Schutz und Sicherheit &#8211; im Dialog mit Feuerwehr, Rettungsdienst und Ehrenamt&#8221;.<\/p>\n<p>Die Veranstaltung ist ein direkter Dialog: zu Beginn werden Vertreter von Feuerwehr und Rettungsdiensten in kurzen Statements die wichtigsten Themen ihrer Arbeit anschneiden, bevor die Ministerin in ihrer Rede auf diese und weitere Schutz- und Sicherheitsaspekte eingehen wird. Auch das Publikum soll sich an der Diskussion beteiligen und ist eingeladen, in den Dialog mit der Ministerin zu treten und politische Fragen, aber auch konkrete Anliegen des Ehrenamtes mit ihr zu er\u00f6rtern.<\/p>\n<p>Seit 2013 f\u00fchrt Ursula von der Leyen als Bundesverteidigungsministerin die Bundeswehr an und tr\u00e4gt als Inhaberin der Befehls- und Kommandogewalt hohe Verantwortung f\u00fcr die Sicherheit unseres Landes, ob bei Eins\u00e4tzen der Bundeswehr zur Katastrophenhilfe im Inland oder bei internationalen Eins\u00e4tzen im Ausland. Seit 2005 geh\u00f6rt sie dem Bundeskabinett an. Als ehemalige Bundesfamilienministerin (z.B. Mehrgenerationenh\u00e4user; bessere Vereinbarkeit von Familie und Beruf) und Bundesarbeitsministerin verf\u00fcgt sie \u00fcber viel Erfahrung und hat zahlreiche Initiativen im Bereich b\u00fcrgerschaftliches Engagement gestartet.  <\/p>\n<p>MdB Michael Brand, selbst Mitglied im Verteidigungsausschuss, zeigte sich &#8220;froh und auch ein bisschen stolz, dass Ursula von der Leyen als politisches Schwergewicht aus der ersten Reihe den Auftakt einer Reihe spannender Veranstaltungen macht&#8221;. Brand hob dabei den &#8220;bewusst offenen Charakter&#8221; der Veranstaltung hervor. &#8220;Ich glaube, dass die Leute mehr den Dialog in der Sache sch\u00e4tzen als klassische Wahlkampft\u00f6ne&#8221;, so Brand.<\/p>\n<p>Es handelt sich um eine \u00f6ffentliche Veranstaltung, alle Interessierten sind herzlich eingeladen. Um Anmeldung wird aus organisatorischen Gr\u00fcnden gebeten unter michael.brand@bundestag.de oder 0661-4800-4815.<\/p>\n","protected":false},"excerpt":{"rendered":"<div class=\"tmnf_excerpt\"><p>Auf Einladung des Bundestagsabgeordneten Michael Brand kommt Bundesverteidigungsministerin Ursula von der Leyen nach Fulda. Sie wird am Mittwoch, 16. August 2017, von 17.30 Uhr bis 18.30 Uhr in Fulda im Deutschen Feuerwehrmuseum, St. Laurentius-Stra\u00dfe 3 (http:\/\/www.dfm-fulda.de), mit Vertretern aus Ehrenamt und Rettungsdiensten sowie interessierten B\u00fcrgern u.a. zum Thema diskutieren: &#8220;Im Einsatz f\u00fcr Schutz und Sicherheit &hellip;<\/p>\n<\/div>","protected":false},"author":1,"featured_media":166048,"comment_status":"closed","ping_status":"closed","sticky":false,"template":"","format":"standard","meta":{"footnotes":""},"categories":[1],"tags":[],"class_list":["post-166039","post","type-post","status-publish","format-standard","has-post-thumbnail","hentry","category-startseite"],"_links":{"self":[{"href":"https:\/\/www.fuldaernachrichten.de\/index.php?rest_route=\/wp\/v2\/posts\/166039","targetHints":{"allow":["GET"]}}],"collection":[{"href":"https:\/\/www.fuldaernachrichten.de\/index.php?rest_route=\/wp\/v2\/posts"}],"about":[{"href":"https:\/\/www.fuldaernachrichten.de\/index.php?rest_route=\/wp\/v2\/types\/post"}],"author":[{"embeddable":true,"href":"https:\/\/www.fuldaernachrichten.de\/index.php?rest_route=\/wp\/v2\/users\/1"}],"replies":[{"embeddable":true,"href":"https:\/\/www.fuldaernachrichten.de\/index.php?rest_route=%2Fwp%2Fv2%2Fcomments&post=166039"}],"version-history":[{"count":1,"href":"https:\/\/www.fuldaernachrichten.de\/index.php?rest_route=\/wp\/v2\/posts\/166039\/revisions"}],"predecessor-version":[{"id":166047,"href":"https:\/\/www.fuldaernachrichten.de\/index.php?rest_route=\/wp\/v2\/posts\/166039\/revisions\/166047"}],"wp:featuredmedia":[{"embeddable":true,"href":"https:\/\/www.fuldaernachrichten.de\/index.php?rest_route=\/wp\/v2\/media\/166048"}],"wp:attachment":[{"href":"https:\/\/www.fuldaernachrichten.de\/index.php?rest_route=%2Fwp%2Fv2%2Fmedia&parent=166039"}],"wp:term":[{"taxonomy":"category","embeddable":true,"href":"https:\/\/www.fuldaernachrichten.de\/index.php?rest_route=%2Fwp%2Fv2%2Fcategories&post=166039"},{"taxonomy":"post_tag","embeddable":true,"href":"https:\/\/www.fuldaernachrichten.de\/index.php?rest_route=%2Fwp%2Fv2%2Ftags&post=166039"}],"curies":[{"name":"wp","href":"https:\/\/api.w.org\/{rel}","templated":true}]}}