{"id":166037,"date":"2017-08-07T11:21:21","date_gmt":"2017-08-07T09:21:21","guid":{"rendered":"http:\/\/www.fuldaer-nachrichten.de\/?p=166037"},"modified":"2017-08-07T11:21:21","modified_gmt":"2017-08-07T09:21:21","slug":"der-markt-fuer-individualisten-design-fans-und-selbermacher","status":"publish","type":"post","link":"https:\/\/www.fuldaernachrichten.de\/?p=166037","title":{"rendered":"Der Markt f\u00fcr Individualisten, Design Fans und Selbermacher"},"content":{"rendered":"<p>Der Fuldaer Kreativmarkt startet mit einigen Neuerungen. Neben den Stammausstellern bringen auch viele neue Anbieter in der vollen Halle die Neuesten Bastel- &#038; Kreativtrends f\u00fcr die k\u00e4ltere Jahreszeit mit. Auch der Bereich Stoffe, Wolle, Patchwork, Papiere und Grusskarten wurde vergr\u00f6ssert und pr\u00e4sentiert die neuesten Herbst und Winterkollektionen.<\/p>\n<p>Samstags von 11 bis 18 Uhr und sonntags von 11-17 Uhr k\u00f6nnen sich die Besucher im Gemeindezentrum inspirieren lassen und Ideen, neue Trends, die passenden Techniken kennenlernen und das n\u00f6tige Material dazu gleich erwerben.\u00e2\u20ac\u00a8<\/p>\n<p>Die Firma Happymoda aus K\u00fcnzell pr\u00e4sentiert Stoffkollektionen, N\u00e4hmaschinen und Kurzwaren aus Ihrem Gesch\u00e4ft im Hahlweg 39, also nur einen Katzensprung vom Gemeindezentrum entfernt. Bei verschiedenen Workshops k\u00f6nnen die Besucher mit der Maschine oder von Hand n\u00e4hen.<\/p>\n<p>Auch der Bereich Bastelzubeh\u00f6r wurde vergr\u00f6ssert. Die Firma S\u00e2\u20ac\u2122Ideenst\u00fcble aus Kirchheim zeigt an Ihrem Messestand Bastelbedarf, Papiere, 3D Bogen, Sticker, Stanzer, Werkzeuge und mehr.\u00e2\u20ac\u00a8<br \/>\nBei Ichwillstempeln.de gibt es Workhops zum Thema Stempeln. Tanja Obernosterer aus \u00d6hringen bringt Papiere, Bastelsets und nat\u00fcrlich Stempel mit.<\/p>\n<p>Patchworker\/innen finden ein Riesenangebot an Patchwork, Zubeh\u00f6r, Homedeko, Materialkits und Anleitungen.<\/p>\n<p>Es muss aber nicht immer das Neueste sein. Am Stand von Reinhold Jakob aus B\u00fcrstadt gibt es eine Riesenauswahl an antiken Kn\u00f6pfen und Perlen aus B\u00f6hmen. Gerade (Jung-) Designer\/innen umlagern schon in den fr\u00fchen Morgenstunden die Unikate. Den passenden antiken Modeschmuck kann frau nat\u00fcrlich gleich dazu erwerben.<\/p>\n<p>K\u00fcnstlerisch, ungew\u00f6hnlich, einzigartig, verr\u00fcckt, poetisch, skurril, handgemacht und wertvoll \u2013 in der fr\u00f6hlichen Marktatmosph\u00e4re findet Jeder etwas zum Verschenken- oder Selber-Haben-Wollen.<br \/>\nDas Restaurant des Gemeindezentrums ist nat\u00fcrlich ge\u00f6ffnet und bietet w\u00e4hrend der Veranstaltungszeit regionales Essen, Snacks, sowie Kaffee und Kuchen. <\/p>\n<p>Der Besuch des Kreativmarktes bietet \u2013 wie auch seine erfolgreichen Vorg\u00e4nger \u2013 nicht nur das bewusste Konsumieren individueller Einzelst\u00fccke statt der \u00fcblichen Massenware, sondern auch ein unterhaltsames Verweilen in einem kreativen und k\u00fcnstlerischem Ambiente und die M\u00f6glichkeit zum Austausch mit K\u00fcnstlern, Handwerkern, Designern und Kulturschaffenden.<\/p>\n<p>Fakten:<br \/>\nGemeindezentrum K\u00fcnzell, Hahlweg 32-36, 36093 K\u00fcnzell<br \/>\n\u00d6ffnungszeiten: 30.9.-1.10.2017  Sa. 11-18 Uhr,  Sonntag  11-17 Uhr<br \/>\nAussteller: ca. 50 Aussteller aus 5 Nationen<br \/>\nEintritt: 3,00 \u00e2\u201a\u00ac f\u00fcr Erwachsene.<br \/>\nSenioren, Studenten, Azubis, Schwerbehindert und Sch\u00fcler ab 14 Jahren bezahlen 2,50 \u00e2\u201a\u00ac. Kinder bis 13 Jahren haben freien Eintritt.<br \/>\nParken: ausreichend kostenlose Parkpl\u00e4tze direkt vor der Halle.<br \/>\nBus: der Bus h\u00e4lt direkt vor dem Gemeindezentrum.<br \/>\nHomepage: http:\/\/www.kunstundkreativmarkt.de<\/p>\n","protected":false},"excerpt":{"rendered":"<div class=\"tmnf_excerpt\"><p>Der Fuldaer Kreativmarkt startet mit einigen Neuerungen. Neben den Stammausstellern bringen auch viele neue Anbieter in der vollen Halle die Neuesten Bastel- &#038; Kreativtrends f\u00fcr die k\u00e4ltere Jahreszeit mit. Auch der Bereich Stoffe, Wolle, Patchwork, Papiere und Grusskarten wurde vergr\u00f6ssert und pr\u00e4sentiert die neuesten Herbst und Winterkollektionen. Samstags von 11 bis 18 Uhr und sonntags &hellip;<\/p>\n<\/div>","protected":false},"author":1,"featured_media":166041,"comment_status":"closed","ping_status":"closed","sticky":false,"template":"","format":"gallery","meta":{"footnotes":""},"categories":[1],"tags":[],"class_list":["post-166037","post","type-post","status-publish","format-gallery","has-post-thumbnail","hentry","category-startseite","post_format-post-format-gallery"],"_links":{"self":[{"href":"https:\/\/www.fuldaernachrichten.de\/index.php?rest_route=\/wp\/v2\/posts\/166037","targetHints":{"allow":["GET"]}}],"collection":[{"href":"https:\/\/www.fuldaernachrichten.de\/index.php?rest_route=\/wp\/v2\/posts"}],"about":[{"href":"https:\/\/www.fuldaernachrichten.de\/index.php?rest_route=\/wp\/v2\/types\/post"}],"author":[{"embeddable":true,"href":"https:\/\/www.fuldaernachrichten.de\/index.php?rest_route=\/wp\/v2\/users\/1"}],"replies":[{"embeddable":true,"href":"https:\/\/www.fuldaernachrichten.de\/index.php?rest_route=%2Fwp%2Fv2%2Fcomments&post=166037"}],"version-history":[{"count":1,"href":"https:\/\/www.fuldaernachrichten.de\/index.php?rest_route=\/wp\/v2\/posts\/166037\/revisions"}],"predecessor-version":[{"id":166044,"href":"https:\/\/www.fuldaernachrichten.de\/index.php?rest_route=\/wp\/v2\/posts\/166037\/revisions\/166044"}],"wp:featuredmedia":[{"embeddable":true,"href":"https:\/\/www.fuldaernachrichten.de\/index.php?rest_route=\/wp\/v2\/media\/166041"}],"wp:attachment":[{"href":"https:\/\/www.fuldaernachrichten.de\/index.php?rest_route=%2Fwp%2Fv2%2Fmedia&parent=166037"}],"wp:term":[{"taxonomy":"category","embeddable":true,"href":"https:\/\/www.fuldaernachrichten.de\/index.php?rest_route=%2Fwp%2Fv2%2Fcategories&post=166037"},{"taxonomy":"post_tag","embeddable":true,"href":"https:\/\/www.fuldaernachrichten.de\/index.php?rest_route=%2Fwp%2Fv2%2Ftags&post=166037"}],"curies":[{"name":"wp","href":"https:\/\/api.w.org\/{rel}","templated":true}]}}