{"id":166031,"date":"2017-08-07T11:26:01","date_gmt":"2017-08-07T09:26:01","guid":{"rendered":"http:\/\/www.fuldaer-nachrichten.de\/?p=166031"},"modified":"2017-08-07T11:26:01","modified_gmt":"2017-08-07T09:26:01","slug":"begruessung-der-neuen-auszubildenden-und-studierenden-bei-der-kreisverwaltung","status":"publish","type":"post","link":"https:\/\/www.fuldaernachrichten.de\/?p=166031","title":{"rendered":"Begr\u00fc\u00dfung der neuen Auszubildenden und Studierenden bei der Kreisverwaltung"},"content":{"rendered":"<p>Mit Beginn des Ausbildungsjahres 2017 starteten am vergangenen Dienstag neun junge Menschen bei der Kreisverwaltung Fulda in das Berufsleben. Bei einer Einf\u00fchrungsveranstaltung wurden acht Auszubildende und ein Umsch\u00fcler begr\u00fc\u00dft, die den Beruf der\/des Verwaltungsfachangestellten erlernen. Zudem haben zwei Fachobersch\u00fclerinnen ihr einj\u00e4hriges Praktikum angetreten. Auch wurden sieben Inspektorenanw\u00e4rter\/-innen willkommen gehei\u00dfen, die am 1. September ein duales Studium Public Administration beginnen. <\/p>\n<p>Zum Ausbildungsstart begr\u00fc\u00dfte Landrat Bernd Woide den Verwaltungsnachwuchs und betonte, dass der \u00dcbergang von der Schule ins Berufsleben einen wichtigen Schritt ins Erwachsenenalter darstelle. Woide ermutigte die jungen Leute, offen zu sein, Fragen zu stellen und mit Neugierde in den Berufsalltag zu starten. Auf sie komme eine spannende Zeit zu, in der sie die t\u00e4glichen Herausforderungen nur gemeinsam im Team bew\u00e4ltigen k\u00f6nnten. Die Qualit\u00e4t einer Beh\u00f6rde zeichne sich durch gut ausgebildete Mitarbeiterinnen und Mitarbeiter aus, unterstrich Woide<br \/>\nVon 143 Bewerbungen f\u00fcr einen Ausbildungsplatz als Verwaltungsfachangestellte\/r und 145 Bewerbungen f\u00fcr das duale Studium Public Administration wurden neun Auszubildende und sieben Inspektorenanw\u00e4rter\/-innen eingestellt. Die Vielzahl an Bewerbungen verdeutlicht, wie gro\u00df das Interesse an der Arbeit des Landkreises Fulda ist. Die \u201eNeuen\u201c erg\u00e4nzen die knapp 1.200 Mitarbeiterinnen und Mitarbeiter, die bereits bei der Kreisverwaltung besch\u00e4ftigt sind.<br \/>\nF\u00fcr die 18 neuen Mitarbeiterinnen und Mitarbeiter stand ihr erster Tag ganz im Zeichen des Kennenlernens. Maria Post, die bei der Kreisverwaltung als Ausbildungsleiterin erste Ansprechpartnerin f\u00fcr den Nachwuchs ist, betonte, dass mit der Ausbildung neue Weichen gestellt w\u00fcrden. Sie forderte den Nachwuchs auf, Interesse, Aufmerksamkeit und den Mut zum Fragenstellen zu haben, und verglich die Ausbildung mit der Einschulung \u2013 \u201enur ohne Schult\u00fcte\u201c.<\/p>\n<p>Ebenso wie Frau Post ermunterte auch Matthias Reinhard, Fachdienstleiter f\u00fcr Personal und Organisation, die neuen Mitarbeiterinnen und Mitarbeiter des Landkreises, ihr K\u00f6nnen unter Beweis zu stellen. Die n\u00e4chsten drei Ausbildungsjahre w\u00fcrden ganz unter dem Motto stehen \u201eWer sich bem\u00fcht, kann es bei der Kreisverwaltung weit bringen.\u201c Die Ausbildung sei eine gro\u00dfe Chance, bei der sie zeigen k\u00f6nnten, was sie erreichen wollten.<\/p>\n<p>Die besten W\u00fcnsche \u00fcberbrachten auch die Vorsitzende der Jugend- und Auszubildendenvertretung Rebecca Ebert, Frauenbeauftragte Simone Stern und Personalratsmitglied Nadine Heller, die sich als allzeit verf\u00fcgbare Ansprechpartner anboten. Zus\u00e4tzlich stehen neben Ausbildungsleiterin Maria Post die Auszubildenden und Studierenden aus den \u00e4lteren Jahrg\u00e4ngen zur Verf\u00fcgung.<br \/>\nBegleitet wurden die angehenden Verwaltungsfachangestellten von ihren Eltern. Durch die Einstellungsveranstaltung bekamen diese einen Einblick in die Arbeit ihrer Kinder und lernten deren zuk\u00fcnftigen Arbeitsplatz kennen. Personalleiter Reinhard betonte, dass die Eltern einen ma\u00dfgebenden Teil zum Erfolg ihrer Kinder beitragen w\u00fcrden. \u201eEs liegt an ihnen, f\u00fcreinander da zu sein.\u201c Jedoch m\u00fcssten auch Eltern lernen, ihre Kinder auf dem Weg ins Berufsleben loszulassen.<br \/>\nNach der \u00dcberreichung der Ausbildungsvertr\u00e4ge und Ernennungsurkunden konnten die \u201eNeuen\u201c mit ihren Eltern einen Blick in das Dienstzimmer von Landrat Woide werfen. Im Anschluss stellten in einer Pr\u00e4sentation Kerstin Dittmar, Alisa Heurich und Natalie Beier, Auszubildende im zweiten Ausbildungsjahr, die Aufgaben des Landkreises und die verschiedenen Fachdienste der Kreisverwaltung vor. Abgerundet wurde die Pr\u00e4sentation durch einen Kurzfilm, der in Eigenregie von ehemaligen Auszubildenden gedreht und geschnitten worden ist. So erhielten die angehenden Verwaltungsfachangestellten bereits am ersten Tag einen \u00dcberblick \u00fcber die unterschiedenen Bereiche, f\u00fcr die der Landkreis zust\u00e4ndig ist.<\/p>\n<p>Um den Kontakt zwischen den neuen Auszubildenden und den Auszubildenden der h\u00f6heren Ausbildungsjahre herzustellen, bekamen die Berufseinsteiger die M\u00f6glichkeit, sich bei verschiedenen Gruppenaktivit\u00e4ten n\u00e4her kennenzulernen. Bei einem gemeinsamen Fr\u00fchst\u00fcck konnten die \u201eNeuen\u201c offene Fragen kl\u00e4ren, erste Kontakte kn\u00fcpfen und n\u00e4here Informationen \u00fcber ihre zuk\u00fcnftigen Aufgaben erhalten. Insbesondere Shawkat Hannan ist hier zu erw\u00e4hnen, der sich nach seiner Flucht aus Syrien vor zwei Jahren auf die Umschulung vom Lehrer f\u00fcr Arabisch zum Verwaltungsfachangestellten freut. \u201eIch bin dem Landkreis Fulda sehr dankbar, dass er mir nach nur zwei Jahren in Deutschland diese M\u00f6glichkeit bietet.\u201c<\/p>\n<p>Nach einer anschlie\u00dfenden F\u00fchrung durch das Haupthaus sollten die \u201eNeuen\u201c bei der traditionellen \u201eAmtsrallye\u201c Wissensfragen zur Kreisverwaltung beantworten. Der erste Arbeitstag endete mit der Pr\u00e4mierung der Amtsrallye und der Aush\u00e4ndigung von letzten wichtigen Informationen f\u00fcr den Verwaltungsnachwuchs.<\/p>\n<p>Auch f\u00fcr das kommende Ausbildungsjahr nimmt der Landkreis Fulda f\u00fcr die Ausbildung zur\/zum Verwaltungsfachangestellten und das duale Studium Public Administration noch Bewerbungen entgegen.<\/p>\n","protected":false},"excerpt":{"rendered":"<div class=\"tmnf_excerpt\"><p>Mit Beginn des Ausbildungsjahres 2017 starteten am vergangenen Dienstag neun junge Menschen bei der Kreisverwaltung Fulda in das Berufsleben. Bei einer Einf\u00fchrungsveranstaltung wurden acht Auszubildende und ein Umsch\u00fcler begr\u00fc\u00dft, die den Beruf der\/des Verwaltungsfachangestellten erlernen. Zudem haben zwei Fachobersch\u00fclerinnen ihr einj\u00e4hriges Praktikum angetreten. Auch wurden sieben Inspektorenanw\u00e4rter\/-innen willkommen gehei\u00dfen, die am 1. September ein duales &hellip;<\/p>\n<\/div>","protected":false},"author":1,"featured_media":166067,"comment_status":"closed","ping_status":"closed","sticky":false,"template":"","format":"standard","meta":{"footnotes":""},"categories":[1],"tags":[],"class_list":["post-166031","post","type-post","status-publish","format-standard","has-post-thumbnail","hentry","category-startseite"],"_links":{"self":[{"href":"https:\/\/www.fuldaernachrichten.de\/index.php?rest_route=\/wp\/v2\/posts\/166031","targetHints":{"allow":["GET"]}}],"collection":[{"href":"https:\/\/www.fuldaernachrichten.de\/index.php?rest_route=\/wp\/v2\/posts"}],"about":[{"href":"https:\/\/www.fuldaernachrichten.de\/index.php?rest_route=\/wp\/v2\/types\/post"}],"author":[{"embeddable":true,"href":"https:\/\/www.fuldaernachrichten.de\/index.php?rest_route=\/wp\/v2\/users\/1"}],"replies":[{"embeddable":true,"href":"https:\/\/www.fuldaernachrichten.de\/index.php?rest_route=%2Fwp%2Fv2%2Fcomments&post=166031"}],"version-history":[{"count":1,"href":"https:\/\/www.fuldaernachrichten.de\/index.php?rest_route=\/wp\/v2\/posts\/166031\/revisions"}],"predecessor-version":[{"id":166068,"href":"https:\/\/www.fuldaernachrichten.de\/index.php?rest_route=\/wp\/v2\/posts\/166031\/revisions\/166068"}],"wp:featuredmedia":[{"embeddable":true,"href":"https:\/\/www.fuldaernachrichten.de\/index.php?rest_route=\/wp\/v2\/media\/166067"}],"wp:attachment":[{"href":"https:\/\/www.fuldaernachrichten.de\/index.php?rest_route=%2Fwp%2Fv2%2Fmedia&parent=166031"}],"wp:term":[{"taxonomy":"category","embeddable":true,"href":"https:\/\/www.fuldaernachrichten.de\/index.php?rest_route=%2Fwp%2Fv2%2Fcategories&post=166031"},{"taxonomy":"post_tag","embeddable":true,"href":"https:\/\/www.fuldaernachrichten.de\/index.php?rest_route=%2Fwp%2Fv2%2Ftags&post=166031"}],"curies":[{"name":"wp","href":"https:\/\/api.w.org\/{rel}","templated":true}]}}