{"id":166027,"date":"2017-08-07T11:20:03","date_gmt":"2017-08-07T09:20:03","guid":{"rendered":"http:\/\/www.fuldaer-nachrichten.de\/?p=166027"},"modified":"2017-08-07T11:20:03","modified_gmt":"2017-08-07T09:20:03","slug":"bundeswehr-uebt","status":"publish","type":"post","link":"https:\/\/www.fuldaernachrichten.de\/?p=166027","title":{"rendered":"Bundeswehr \u00fcbt"},"content":{"rendered":"<p>Die Bundeswehr f\u00fchrt am 9. und 10. August eine \u00dcbung im Vogelsbergkreis und im Schwalm-Eder-Kreis durch, an der 150 Soldaten teilnehmen. Dabei handelt es sich um eine Lufttransportausbildung mit Hubschrauber. Sogenannte Schwerpunktr\u00e4ume der \u00dcbung sind Schwarzenborn und Wernges. Im Schwalm-Eder-Kreis ist die Bundeswehr im Raum Appenfeld, Oberaula, Gro\u00dfropperhausen, Ascherode und Leimsfeld aktiv, im Vogelsbergkreis in den Bereichen Grebenau, Stockhausen, Zell, Feldkr\u00fccken und Ilbeshausen.  Es werden acht R\u00e4derfahrzeuge und zwei Kettenfahrzeuge sowie ein Hubschrauber eingesetzt.<\/p>\n","protected":false},"excerpt":{"rendered":"<div class=\"tmnf_excerpt\"><p>Die Bundeswehr f\u00fchrt am 9. und 10. August eine \u00dcbung im Vogelsbergkreis und im Schwalm-Eder-Kreis durch, an der 150 Soldaten teilnehmen. Dabei handelt es sich um eine Lufttransportausbildung mit Hubschrauber. Sogenannte Schwerpunktr\u00e4ume der \u00dcbung sind Schwarzenborn und Wernges. Im Schwalm-Eder-Kreis ist die Bundeswehr im Raum Appenfeld, Oberaula, Gro\u00dfropperhausen, Ascherode und Leimsfeld aktiv, im Vogelsbergkreis in &hellip;<\/p>\n<\/div>","protected":false},"author":1,"featured_media":0,"comment_status":"closed","ping_status":"closed","sticky":false,"template":"","format":"standard","meta":{"footnotes":""},"categories":[1],"tags":[],"class_list":["post-166027","post","type-post","status-publish","format-standard","hentry","category-startseite"],"_links":{"self":[{"href":"https:\/\/www.fuldaernachrichten.de\/index.php?rest_route=\/wp\/v2\/posts\/166027","targetHints":{"allow":["GET"]}}],"collection":[{"href":"https:\/\/www.fuldaernachrichten.de\/index.php?rest_route=\/wp\/v2\/posts"}],"about":[{"href":"https:\/\/www.fuldaernachrichten.de\/index.php?rest_route=\/wp\/v2\/types\/post"}],"author":[{"embeddable":true,"href":"https:\/\/www.fuldaernachrichten.de\/index.php?rest_route=\/wp\/v2\/users\/1"}],"replies":[{"embeddable":true,"href":"https:\/\/www.fuldaernachrichten.de\/index.php?rest_route=%2Fwp%2Fv2%2Fcomments&post=166027"}],"version-history":[{"count":1,"href":"https:\/\/www.fuldaernachrichten.de\/index.php?rest_route=\/wp\/v2\/posts\/166027\/revisions"}],"predecessor-version":[{"id":166038,"href":"https:\/\/www.fuldaernachrichten.de\/index.php?rest_route=\/wp\/v2\/posts\/166027\/revisions\/166038"}],"wp:attachment":[{"href":"https:\/\/www.fuldaernachrichten.de\/index.php?rest_route=%2Fwp%2Fv2%2Fmedia&parent=166027"}],"wp:term":[{"taxonomy":"category","embeddable":true,"href":"https:\/\/www.fuldaernachrichten.de\/index.php?rest_route=%2Fwp%2Fv2%2Fcategories&post=166027"},{"taxonomy":"post_tag","embeddable":true,"href":"https:\/\/www.fuldaernachrichten.de\/index.php?rest_route=%2Fwp%2Fv2%2Ftags&post=166027"}],"curies":[{"name":"wp","href":"https:\/\/api.w.org\/{rel}","templated":true}]}}