{"id":165934,"date":"2017-08-03T07:52:31","date_gmt":"2017-08-03T05:52:31","guid":{"rendered":"http:\/\/www.fuldaer-nachrichten.de\/?p=165934"},"modified":"2017-08-03T07:52:31","modified_gmt":"2017-08-03T05:52:31","slug":"erste-mannschaft-weiter-auf-erfolgskurs-einzug-ins-pokalhalbfinale","status":"publish","type":"post","link":"https:\/\/www.fuldaernachrichten.de\/?p=165934","title":{"rendered":"Erste Mannschaft weiter auf Erfolgskurs &#8211; Einzug ins Pokalhalbfinale"},"content":{"rendered":"<p>Im Viertelfinale traf die erste Mannschaft der Osthessenkicker ausw\u00e4rts auf den TFC Kassel 1. Nachdem die Partie ausgeglichen begonnen hatte, gingen die Gro\u00dfenl\u00fcderer nach dem dritten Spiel in F\u00fchrung und bauten diese zwischenzeitlich auf vier Punkte aus.<br \/>\nIm Laufe der Partie gelang es dann aber nicht, den Vorsprung zu halten. Im drittletzten Spiel schafften die Kasseler den Ausgleich. Die darauffolgenden beiden Spiele gingen Unentschieden aus, so dass es nach der regul\u00e4ren Spielzeit 10:10 stand. Mit dem 3:1 Sieg im anschlie\u00dfenden Penalty-Schie\u00dfen, zogen die Osthessenkicker in die n\u00e4chste Pokalrunde ein. Im Halbfinale trifft die erste Mannschaft in der heimischen Kicker-Arena auf den VfB Rodheim 2. Das Spiel findet am 03.09.2017 statt.<\/p>\n<p>Lokalderby zum R\u00fcckrundenauftakt<br \/>\nZum Auftakt der R\u00fcckrunde standen sich im Lokalderby die Mannschaften der Osthessenkicker gegen\u00fcber.<br \/>\nIn der Landesliga Nord traten die erste und zweite Mannschaft gegeneinander an. Die erste Mannschaft dominierte die Partie von Beginn an und gewann mit 17:3. Mit dem Sieg ist sie weiterhin Tabellenf\u00fchrer der Landesliga Nord.<br \/>\nIn der Verbandsliga Nord standen sich die dritte und vierte Mannschaft gegen\u00fcber. Die dritte Mannschaft fand besser ins Spiel, ging schnell mit 5:1 in F\u00fchrung und baute diese weiter aus. Nach der H\u00e4lfte des Spieltags war die Partie entschieden. Im weiteren Verlauf konnte die vierte Mannschaft noch einige Punkte erzielen und den Punkteabstand verk\u00fcrzen. Die dritte Mannschaft siegte am Ende mit 14:6 Punkten und steht weiterhin auf Platz 2 der Tabelle der Verbandsliga Nord.<\/p>\n<p>Osthessenkicker I:<br \/>\nMatthias Buder (4 Punkte), Nino Swolinski (4 Punkte), Yannic Hartmann (4,5 Punkte), Alexander Bickert (4,5 Punkte)<br \/>\nOsthessenkicker II:<br \/>\nMoritz Schilar (0,5 Punkte), Andreas Stumpf (1 Punkt), Philipp Eisenberg (1 Punkt), Tobias Fr\u00f6hlich (0,5 Punkte)<br \/>\nOsthessenkicker III:<br \/>\nBernd Kettner (4 Punkte), Franz Hillenbrand (4 Punkte), Marcel Kettner (3 Punkte), Oskar Vogel (3 Punkte)<br \/>\nOsthessenkicker IV:<br \/>\nUlrich Augstein (2,5 Punkte), Tilman Augstein (2,5 Punkte), Michael Wehner (0,5 Punkte), Simon Schneider (0,5 Punkte)<\/p>\n<p>Der n\u00e4chste Spieltag findet am 13.08.2017 statt.<\/p>\n","protected":false},"excerpt":{"rendered":"<div class=\"tmnf_excerpt\"><p>Im Viertelfinale traf die erste Mannschaft der Osthessenkicker ausw\u00e4rts auf den TFC Kassel 1. Nachdem die Partie ausgeglichen begonnen hatte, gingen die Gro\u00dfenl\u00fcderer nach dem dritten Spiel in F\u00fchrung und bauten diese zwischenzeitlich auf vier Punkte aus. Im Laufe der Partie gelang es dann aber nicht, den Vorsprung zu halten. Im drittletzten Spiel schafften die &hellip;<\/p>\n<\/div>","protected":false},"author":1,"featured_media":165935,"comment_status":"closed","ping_status":"closed","sticky":false,"template":"","format":"standard","meta":{"footnotes":""},"categories":[1],"tags":[],"class_list":["post-165934","post","type-post","status-publish","format-standard","has-post-thumbnail","hentry","category-startseite"],"_links":{"self":[{"href":"https:\/\/www.fuldaernachrichten.de\/index.php?rest_route=\/wp\/v2\/posts\/165934","targetHints":{"allow":["GET"]}}],"collection":[{"href":"https:\/\/www.fuldaernachrichten.de\/index.php?rest_route=\/wp\/v2\/posts"}],"about":[{"href":"https:\/\/www.fuldaernachrichten.de\/index.php?rest_route=\/wp\/v2\/types\/post"}],"author":[{"embeddable":true,"href":"https:\/\/www.fuldaernachrichten.de\/index.php?rest_route=\/wp\/v2\/users\/1"}],"replies":[{"embeddable":true,"href":"https:\/\/www.fuldaernachrichten.de\/index.php?rest_route=%2Fwp%2Fv2%2Fcomments&post=165934"}],"version-history":[{"count":1,"href":"https:\/\/www.fuldaernachrichten.de\/index.php?rest_route=\/wp\/v2\/posts\/165934\/revisions"}],"predecessor-version":[{"id":165936,"href":"https:\/\/www.fuldaernachrichten.de\/index.php?rest_route=\/wp\/v2\/posts\/165934\/revisions\/165936"}],"wp:featuredmedia":[{"embeddable":true,"href":"https:\/\/www.fuldaernachrichten.de\/index.php?rest_route=\/wp\/v2\/media\/165935"}],"wp:attachment":[{"href":"https:\/\/www.fuldaernachrichten.de\/index.php?rest_route=%2Fwp%2Fv2%2Fmedia&parent=165934"}],"wp:term":[{"taxonomy":"category","embeddable":true,"href":"https:\/\/www.fuldaernachrichten.de\/index.php?rest_route=%2Fwp%2Fv2%2Fcategories&post=165934"},{"taxonomy":"post_tag","embeddable":true,"href":"https:\/\/www.fuldaernachrichten.de\/index.php?rest_route=%2Fwp%2Fv2%2Ftags&post=165934"}],"curies":[{"name":"wp","href":"https:\/\/api.w.org\/{rel}","templated":true}]}}