{"id":165921,"date":"2017-08-01T06:37:28","date_gmt":"2017-08-01T04:37:28","guid":{"rendered":"http:\/\/www.fuldaer-nachrichten.de\/?p=165921"},"modified":"2017-08-01T06:37:28","modified_gmt":"2017-08-01T04:37:28","slug":"gogu-gottesdienst-und-gurke","status":"publish","type":"post","link":"https:\/\/www.fuldaernachrichten.de\/?p=165921","title":{"rendered":"GOGU \u2013 Gottesdienst und Gurke"},"content":{"rendered":"<p>Am Dienstag, den 8. August 2017, um 18 Uhr, findet unter dem Namen \u201eGOGU\u201c ein Gottesdienst in der Klosterkirche auf dem Frauenberg statt. Dieser wird von Bruder Othmar gehalten. Die musikalische Gestaltung \u00fcbernimmt G\u00e4rtnermeister Martin G\u00fcnzel. Im Anschluss an den Gottesdienst sind alle herzlich eingeladen, sich im Klostergarten zu treffen und bei Gurkensalat und Bratw\u00fcrstchen ins Gespr\u00e4ch zu kommen. <\/p>\n","protected":false},"excerpt":{"rendered":"<div class=\"tmnf_excerpt\"><p>Am Dienstag, den 8. August 2017, um 18 Uhr, findet unter dem Namen \u201eGOGU\u201c ein Gottesdienst in der Klosterkirche auf dem Frauenberg statt. Dieser wird von Bruder Othmar gehalten. Die musikalische Gestaltung \u00fcbernimmt G\u00e4rtnermeister Martin G\u00fcnzel. Im Anschluss an den Gottesdienst sind alle herzlich eingeladen, sich im Klostergarten zu treffen und bei Gurkensalat und Bratw\u00fcrstchen &hellip;<\/p>\n<\/div>","protected":false},"author":1,"featured_media":165925,"comment_status":"closed","ping_status":"closed","sticky":false,"template":"","format":"standard","meta":{"footnotes":""},"categories":[1],"tags":[],"class_list":["post-165921","post","type-post","status-publish","format-standard","has-post-thumbnail","hentry","category-startseite"],"_links":{"self":[{"href":"https:\/\/www.fuldaernachrichten.de\/index.php?rest_route=\/wp\/v2\/posts\/165921","targetHints":{"allow":["GET"]}}],"collection":[{"href":"https:\/\/www.fuldaernachrichten.de\/index.php?rest_route=\/wp\/v2\/posts"}],"about":[{"href":"https:\/\/www.fuldaernachrichten.de\/index.php?rest_route=\/wp\/v2\/types\/post"}],"author":[{"embeddable":true,"href":"https:\/\/www.fuldaernachrichten.de\/index.php?rest_route=\/wp\/v2\/users\/1"}],"replies":[{"embeddable":true,"href":"https:\/\/www.fuldaernachrichten.de\/index.php?rest_route=%2Fwp%2Fv2%2Fcomments&post=165921"}],"version-history":[{"count":1,"href":"https:\/\/www.fuldaernachrichten.de\/index.php?rest_route=\/wp\/v2\/posts\/165921\/revisions"}],"predecessor-version":[{"id":165926,"href":"https:\/\/www.fuldaernachrichten.de\/index.php?rest_route=\/wp\/v2\/posts\/165921\/revisions\/165926"}],"wp:featuredmedia":[{"embeddable":true,"href":"https:\/\/www.fuldaernachrichten.de\/index.php?rest_route=\/wp\/v2\/media\/165925"}],"wp:attachment":[{"href":"https:\/\/www.fuldaernachrichten.de\/index.php?rest_route=%2Fwp%2Fv2%2Fmedia&parent=165921"}],"wp:term":[{"taxonomy":"category","embeddable":true,"href":"https:\/\/www.fuldaernachrichten.de\/index.php?rest_route=%2Fwp%2Fv2%2Fcategories&post=165921"},{"taxonomy":"post_tag","embeddable":true,"href":"https:\/\/www.fuldaernachrichten.de\/index.php?rest_route=%2Fwp%2Fv2%2Ftags&post=165921"}],"curies":[{"name":"wp","href":"https:\/\/api.w.org\/{rel}","templated":true}]}}