{"id":165919,"date":"2017-08-01T06:38:40","date_gmt":"2017-08-01T04:38:40","guid":{"rendered":"http:\/\/www.fuldaer-nachrichten.de\/?p=165919"},"modified":"2017-08-01T06:38:40","modified_gmt":"2017-08-01T04:38:40","slug":"vom-betriebshof-zum-kulturhof-alternativort-fuer-freie-kulturarbeit","status":"publish","type":"post","link":"https:\/\/www.fuldaernachrichten.de\/?p=165919","title":{"rendered":"Vom Betriebshof zum Kulturhof? &#8211; Alternativort f\u00fcr freie Kulturarbeit"},"content":{"rendered":"<p>Die Stadt Fulda k\u00f6nnte sich vorstellen, einen Teilbereich des Betriebshofes an der Weimarer Stra\u00dfe als Alternativstandort f\u00fcr eine langfristige Weiterentwicklung des soziokulturellen Zentrums und der freien Kulturarbeit anzubieten. In einem Gespr\u00e4ch mit Vertretern der BI L14 und der AWO hatten Oberb\u00fcrgermeister Dr. Heiko Wingenfeld und Stadtbaurat Daniel Schreiner diesen Standort vorgeschlagen. Dieser Vorschlag wird von der AWO Fulda ausdr\u00fccklich begr\u00fc\u00dft, die ihre Beteiligung an den weiteren Planungen zusagte.<\/p>\n<p>\u201eIch empfinde es als gro\u00dfe Chance, dass es einen Alternativstandort geben k\u00f6nnte, der keine 300 Meter vom derzeitigen Standort entfernt ist und sich zudem in st\u00e4dtischem Eigentum befindet\u201c, so Wingenfeld. Daher k\u00f6nne er es den st\u00e4dtischen Gremien nicht empfehlen, eine Teilfl\u00e4che der Langenbr\u00fcckenstra\u00dfe 14 zur\u00fcckzukaufen, zumal dort die Entfaltungsm\u00f6glichkeiten sehr begrenzt seien. Eine langfristige Entwicklung des soziokulturellen Zentrums w\u00e4re dort nicht m\u00f6glich. <\/p>\n<p>Derzeit werde gemeinsam mit der AWO und Vertretern der Initiative L 14 gepr\u00fcft, welche R\u00e4ume zur Verf\u00fcgung stehen und wie diese genutzt werden k\u00f6nnen. Der Standort des st\u00e4dtischen Betriebsamts sei von diesen \u00dcberlegungen nicht betroffen. Es gehe ausschlie\u00dflich um R\u00e4umlichkeiten und Fl\u00e4chen, die derzeit nicht vom Betriebsamt, sondern anderweitig genutzt w\u00fcrden, betont der Oberb\u00fcrgermeister.<\/p>\n","protected":false},"excerpt":{"rendered":"<div class=\"tmnf_excerpt\"><p>Die Stadt Fulda k\u00f6nnte sich vorstellen, einen Teilbereich des Betriebshofes an der Weimarer Stra\u00dfe als Alternativstandort f\u00fcr eine langfristige Weiterentwicklung des soziokulturellen Zentrums und der freien Kulturarbeit anzubieten. In einem Gespr\u00e4ch mit Vertretern der BI L14 und der AWO hatten Oberb\u00fcrgermeister Dr. Heiko Wingenfeld und Stadtbaurat Daniel Schreiner diesen Standort vorgeschlagen. Dieser Vorschlag wird von &hellip;<\/p>\n<\/div>","protected":false},"author":1,"featured_media":0,"comment_status":"closed","ping_status":"closed","sticky":false,"template":"","format":"standard","meta":{"footnotes":""},"categories":[1],"tags":[],"class_list":["post-165919","post","type-post","status-publish","format-standard","hentry","category-startseite"],"_links":{"self":[{"href":"https:\/\/www.fuldaernachrichten.de\/index.php?rest_route=\/wp\/v2\/posts\/165919","targetHints":{"allow":["GET"]}}],"collection":[{"href":"https:\/\/www.fuldaernachrichten.de\/index.php?rest_route=\/wp\/v2\/posts"}],"about":[{"href":"https:\/\/www.fuldaernachrichten.de\/index.php?rest_route=\/wp\/v2\/types\/post"}],"author":[{"embeddable":true,"href":"https:\/\/www.fuldaernachrichten.de\/index.php?rest_route=\/wp\/v2\/users\/1"}],"replies":[{"embeddable":true,"href":"https:\/\/www.fuldaernachrichten.de\/index.php?rest_route=%2Fwp%2Fv2%2Fcomments&post=165919"}],"version-history":[{"count":1,"href":"https:\/\/www.fuldaernachrichten.de\/index.php?rest_route=\/wp\/v2\/posts\/165919\/revisions"}],"predecessor-version":[{"id":165929,"href":"https:\/\/www.fuldaernachrichten.de\/index.php?rest_route=\/wp\/v2\/posts\/165919\/revisions\/165929"}],"wp:attachment":[{"href":"https:\/\/www.fuldaernachrichten.de\/index.php?rest_route=%2Fwp%2Fv2%2Fmedia&parent=165919"}],"wp:term":[{"taxonomy":"category","embeddable":true,"href":"https:\/\/www.fuldaernachrichten.de\/index.php?rest_route=%2Fwp%2Fv2%2Fcategories&post=165919"},{"taxonomy":"post_tag","embeddable":true,"href":"https:\/\/www.fuldaernachrichten.de\/index.php?rest_route=%2Fwp%2Fv2%2Ftags&post=165919"}],"curies":[{"name":"wp","href":"https:\/\/api.w.org\/{rel}","templated":true}]}}