{"id":165916,"date":"2017-08-01T06:36:01","date_gmt":"2017-08-01T04:36:01","guid":{"rendered":"http:\/\/www.fuldaer-nachrichten.de\/?p=165916"},"modified":"2017-08-01T06:36:01","modified_gmt":"2017-08-01T04:36:01","slug":"ware-defekt-kommen-kunden-zu-ihrem-recht-verbraucherzentralen-starten-bundesweite-umfrage-zum-gewaehrleistungsrecht","status":"publish","type":"post","link":"https:\/\/www.fuldaernachrichten.de\/?p=165916","title":{"rendered":"Ware defekt: Kommen Kunden zu ihrem Recht? Verbraucherzentralen starten bundesweite Umfrage zum Gew\u00e4hrleistungsrecht"},"content":{"rendered":"<p>Geht die Waschmaschine nach etwas mehr als zwei Jahren kaputt, haben Verbraucher gegen\u00fcber H\u00e4ndlern keine Anspr\u00fcche. Das Gesetz sieht nur eine Gew\u00e4hrleistung von zwei Jahren vor. Das ist ein Problem, insbesondere bei Produkten mit einer deutlich l\u00e4ngeren Lebensdauer. Doch auch wenn Verbraucher fristgerecht reklamieren, sto\u00dfen sie auf Hindernisse. Mit einer bundesweiten Umfrage wollen die Verbraucherzentralen erfahren, welche Probleme, Vorstellungen und Erwartungen Verbraucher rund um das Thema Gew\u00e4hrleistung haben.<\/p>\n<p>Geht ein Produkt kaputt oder hat es einen Mangel, haben Verbraucher zwei Jahre nach dem Kauf ein Recht auf Gew\u00e4hrleistung. Doch was tun, wenn die Waschmaschine nach f\u00fcnf Jahren den Geist aufgibt? F\u00fcr Verbraucher ist das \u00e4rgerlich: Sie m\u00fcssen das Ger\u00e4t meist auf eigene Kosten reparieren lassen oder austauschen. \u201eGerade bei Produkten, die eine Lebensdauer von zehn oder mehr Jahren haben, ist es oft nicht nachvollziehbar, dass die Gew\u00e4hrleistung bereits nach zwei Jahren endet\u201c, sagt Peter Lassek, Referent f\u00fcr Verbraucherrecht bei der Verbraucherzentrale Hessen. Ein weiteres Problem sind H\u00e4ndler, die versuchen, die Gew\u00e4hrleistungsrechte der Kunden zu umgehen. \u201eH\u00e4ndler sind die ersten Ansprechpartner f\u00fcr Reklamationen\u201c, erl\u00e4utert Lassek. \u201eImmer wieder kommt es aber vor, dass H\u00e4ndler Kunden an den Hersteller verweisen oder innerhalb der ersten sechs Monate nach Kauf behaupten, Verbraucher h\u00e4ttenimage002.jpg kein Recht auf Gew\u00e4hrleistung, weil sie das Produkt selbst besch\u00e4digt h\u00e4tten.\u201c Tats\u00e4chlich aber muss der H\u00e4ndler beweisen, dass der Schaden wirklich vom Verbraucher verursacht wurde und nicht schon beim Kauf vorlag.<\/p>\n<p>Mit ihrer Umfrage wollen die Verbraucherzentralen erfassen, welche Probleme bei der Reklamation defekter Ger\u00e4te auftauchen. Die Umfrage l\u00e4uft noch bis 31. August 2017. Sie ist unter www.verbraucher.de\/gewaehrleistung-garantie-umfrage abrufbar.<\/p>\n","protected":false},"excerpt":{"rendered":"<div class=\"tmnf_excerpt\"><p>Geht die Waschmaschine nach etwas mehr als zwei Jahren kaputt, haben Verbraucher gegen\u00fcber H\u00e4ndlern keine Anspr\u00fcche. Das Gesetz sieht nur eine Gew\u00e4hrleistung von zwei Jahren vor. Das ist ein Problem, insbesondere bei Produkten mit einer deutlich l\u00e4ngeren Lebensdauer. Doch auch wenn Verbraucher fristgerecht reklamieren, sto\u00dfen sie auf Hindernisse. Mit einer bundesweiten Umfrage wollen die Verbraucherzentralen &hellip;<\/p>\n<\/div>","protected":false},"author":1,"featured_media":0,"comment_status":"closed","ping_status":"closed","sticky":false,"template":"","format":"standard","meta":{"footnotes":""},"categories":[1],"tags":[],"class_list":["post-165916","post","type-post","status-publish","format-standard","hentry","category-startseite"],"_links":{"self":[{"href":"https:\/\/www.fuldaernachrichten.de\/index.php?rest_route=\/wp\/v2\/posts\/165916","targetHints":{"allow":["GET"]}}],"collection":[{"href":"https:\/\/www.fuldaernachrichten.de\/index.php?rest_route=\/wp\/v2\/posts"}],"about":[{"href":"https:\/\/www.fuldaernachrichten.de\/index.php?rest_route=\/wp\/v2\/types\/post"}],"author":[{"embeddable":true,"href":"https:\/\/www.fuldaernachrichten.de\/index.php?rest_route=\/wp\/v2\/users\/1"}],"replies":[{"embeddable":true,"href":"https:\/\/www.fuldaernachrichten.de\/index.php?rest_route=%2Fwp%2Fv2%2Fcomments&post=165916"}],"version-history":[{"count":1,"href":"https:\/\/www.fuldaernachrichten.de\/index.php?rest_route=\/wp\/v2\/posts\/165916\/revisions"}],"predecessor-version":[{"id":165920,"href":"https:\/\/www.fuldaernachrichten.de\/index.php?rest_route=\/wp\/v2\/posts\/165916\/revisions\/165920"}],"wp:attachment":[{"href":"https:\/\/www.fuldaernachrichten.de\/index.php?rest_route=%2Fwp%2Fv2%2Fmedia&parent=165916"}],"wp:term":[{"taxonomy":"category","embeddable":true,"href":"https:\/\/www.fuldaernachrichten.de\/index.php?rest_route=%2Fwp%2Fv2%2Fcategories&post=165916"},{"taxonomy":"post_tag","embeddable":true,"href":"https:\/\/www.fuldaernachrichten.de\/index.php?rest_route=%2Fwp%2Fv2%2Ftags&post=165916"}],"curies":[{"name":"wp","href":"https:\/\/api.w.org\/{rel}","templated":true}]}}