{"id":165908,"date":"2017-08-01T06:34:29","date_gmt":"2017-08-01T04:34:29","guid":{"rendered":"http:\/\/www.fuldaer-nachrichten.de\/?p=165908"},"modified":"2017-08-01T06:34:29","modified_gmt":"2017-08-01T04:34:29","slug":"sonntagsessen-im-antonius-cafe","status":"publish","type":"post","link":"https:\/\/www.fuldaernachrichten.de\/?p=165908","title":{"rendered":"Sonntagsessen im antonius Caf\u00e9"},"content":{"rendered":"<p>Am Sonntag, den 6. August 2017, l\u00e4dt das antonius Caf\u00e9 (An St. Kathrin 4, 36041 Fulda) zum gemeinsamen Mittagessen ein. Zum Preis von 15 Euro pro Person, k\u00f6nnen sich G\u00e4ste von 11 bis 14 Uhr am vielf\u00e4ltigen Buffet aus Produkten in \u201eantonius-Bio\u201c-Qualit\u00e4t bedienen. Alle G\u00e4ste sind eingeladen, vorab den Gottesdienst in der Hauskapelle von antonius zu besuchen. Dieser beginnt um 10 Uhr. <\/p>\n<p>Neben einer Vorspeisensuppe, geh\u00f6ren zu einem klassischen Sonntagessen auch Fleischgerichte, wie Kammsteaks vom Bio-Schwein sowie Bio-Rinderragout. F\u00fcr die Vegetarier gibt es gef\u00fcllte Zucchini. Als s\u00fc\u00dfer Abschluss werden verschiedene Desserts serviert. Um Reservierung unter 0661\/1097-424 wird gebeten. <\/p>\n","protected":false},"excerpt":{"rendered":"<div class=\"tmnf_excerpt\"><p>Am Sonntag, den 6. August 2017, l\u00e4dt das antonius Caf\u00e9 (An St. Kathrin 4, 36041 Fulda) zum gemeinsamen Mittagessen ein. Zum Preis von 15 Euro pro Person, k\u00f6nnen sich G\u00e4ste von 11 bis 14 Uhr am vielf\u00e4ltigen Buffet aus Produkten in \u201eantonius-Bio\u201c-Qualit\u00e4t bedienen. Alle G\u00e4ste sind eingeladen, vorab den Gottesdienst in der Hauskapelle von antonius &hellip;<\/p>\n<\/div>","protected":false},"author":1,"featured_media":165909,"comment_status":"closed","ping_status":"closed","sticky":false,"template":"","format":"standard","meta":{"footnotes":""},"categories":[1],"tags":[],"class_list":["post-165908","post","type-post","status-publish","format-standard","has-post-thumbnail","hentry","category-startseite"],"_links":{"self":[{"href":"https:\/\/www.fuldaernachrichten.de\/index.php?rest_route=\/wp\/v2\/posts\/165908","targetHints":{"allow":["GET"]}}],"collection":[{"href":"https:\/\/www.fuldaernachrichten.de\/index.php?rest_route=\/wp\/v2\/posts"}],"about":[{"href":"https:\/\/www.fuldaernachrichten.de\/index.php?rest_route=\/wp\/v2\/types\/post"}],"author":[{"embeddable":true,"href":"https:\/\/www.fuldaernachrichten.de\/index.php?rest_route=\/wp\/v2\/users\/1"}],"replies":[{"embeddable":true,"href":"https:\/\/www.fuldaernachrichten.de\/index.php?rest_route=%2Fwp%2Fv2%2Fcomments&post=165908"}],"version-history":[{"count":1,"href":"https:\/\/www.fuldaernachrichten.de\/index.php?rest_route=\/wp\/v2\/posts\/165908\/revisions"}],"predecessor-version":[{"id":165910,"href":"https:\/\/www.fuldaernachrichten.de\/index.php?rest_route=\/wp\/v2\/posts\/165908\/revisions\/165910"}],"wp:featuredmedia":[{"embeddable":true,"href":"https:\/\/www.fuldaernachrichten.de\/index.php?rest_route=\/wp\/v2\/media\/165909"}],"wp:attachment":[{"href":"https:\/\/www.fuldaernachrichten.de\/index.php?rest_route=%2Fwp%2Fv2%2Fmedia&parent=165908"}],"wp:term":[{"taxonomy":"category","embeddable":true,"href":"https:\/\/www.fuldaernachrichten.de\/index.php?rest_route=%2Fwp%2Fv2%2Fcategories&post=165908"},{"taxonomy":"post_tag","embeddable":true,"href":"https:\/\/www.fuldaernachrichten.de\/index.php?rest_route=%2Fwp%2Fv2%2Ftags&post=165908"}],"curies":[{"name":"wp","href":"https:\/\/api.w.org\/{rel}","templated":true}]}}