{"id":165898,"date":"2017-08-01T06:33:20","date_gmt":"2017-08-01T04:33:20","guid":{"rendered":"http:\/\/www.fuldaer-nachrichten.de\/?p=165898"},"modified":"2017-08-01T06:33:20","modified_gmt":"2017-08-01T04:33:20","slug":"deutscher-wanderverband-fordert-unterstuetzung","status":"publish","type":"post","link":"https:\/\/www.fuldaernachrichten.de\/?p=165898","title":{"rendered":"Deutscher Wanderverband fordert Unterst\u00fctzung"},"content":{"rendered":"<p>Gestern endete in Bad Liebenstein offiziell der 117. Deut\u00c2\u00adsche Wan\u00c2\u00adder\u00c2\u00adtag in Eisenach und der Wartburgregion. In ei\u00c2\u00adner w\u00e4hrend des Wan\u00c2\u00adder\u00c2\u00adta\u00c2\u00adges von den DWV-Mitgliedern ver\u00c2\u00adab\u00c2\u00adschie\u00c2\u00adde\u00c2\u00adten Re\u00c2\u00adso\u00c2\u00adlu\u00c2\u00adti\u00c2\u00adon for\u00c2\u00addert der Deut\u00c2\u00adsche Wan\u00c2\u00adder\u00c2\u00adver\u00c2\u00adband mehr Unterst\u00fctzung durch die Bundespolitik. Andernfalls sei die hohe Qualit\u00e4t der Wanderinfrastruktur nicht mehr zu garantieren. Bodo Ramelow, Ministerpr\u00e4sident des Freistaates Th\u00fcringen, beschrieb w\u00e4hrend des Wan\u00c2\u00adder\u00c2\u00adta\u00c2\u00adges  die verschiedenen Facetten des Wanderns, das mehr sei als ein Wirtschaftsfaktor. Wolfgang Tiefensee, Wirtschafts- und Wissenschaftsminister in Th\u00fcringen, warb in Erfurt f\u00fcr das Wanderland Th\u00fcringen.  <\/p>\n<p>Eisenach \u2013 Der 117. Deutsche Wandertag hat unter dem Motto \u201eWandern auf Luthers Spuren\u201c viele Tausend G\u00e4ste in die Wartburgregion gelockt. Allein f\u00fcr den Abschlusstag in Eisenach reisten 20.000 G\u00e4ste in die Lutherstadt. DWV-Pr\u00e4sident Dr. Hans-Ulrich Rauchfu\u00df, der in Erfurt von der DWV-Mitgliederversammlung f\u00fcr weitere vier Jahre im Amt best\u00e4tigt wurde: \u201eDie Besucher des Wandertages haben die Wartburgregion f\u00fcr sich entdeckt und viele wollen wiederkommen.\u201c Wie seine Vorg\u00e4nger werde auch der 117. Deutsche Wandertag der Region, in der er veranstaltet wird, einen nachhaltigen Wachstumsschub verleihen, so der Pr\u00e4sident.<\/p>\n<p>Bodo Ramelow, Ministerpr\u00e4sident des Freistaates Th\u00fcringen, betonte in Erfurt die gro\u00dfe Bedeutung des Wandertourismus f\u00fcr den Freistaat. Das Wandern beschere dem Land 710 Millionen Euro Umsatz im Jahr. Neben dem Wandern als Wirtschaftsfaktor gebe es jedoch noch viele weitere Facetten dieser Freizeitaktivit\u00e4t. Wandern k\u00f6nne Gemeinschaft stiften und verbinde Menschen \u00fcber alle Altersgruppen und sozialen Grenzen hinweg. Au\u00dferdem lade das Wandern ein, die Natur zu genie\u00dfen und sch\u00e4rfe so den Sinn f\u00fcr deren Erhalt. So sei es gelebter Umweltschutz. Ausdr\u00fccklich bedankte sich der Ministerpr\u00e4sident bei den vielen ehrenamtlichen Wanderwegewarten, die durch den Erhalt der Wanderwege nicht nur die Basis f\u00fcr den Wandertourismus schafften sondern auch einen wichtigen Beitrag zum Erhalt von Natur und Landschaft leisteten.<\/p>\n<p>Auch Wolfgang Tiefensee, Wirtschafts- und Wissenschaftsminister von Th\u00fcringen, betonte in Erfurt die gro\u00dfe Bedeutung des Ehrenamtes, das den Wandertourismus im Freistaat \u00fcberhaupt erst erm\u00f6gliche. Dabei sei Th\u00fcringen ideal, um beim Wandern Natur und Kultur gemeinsam zu erleben. \u201e Aufgrund seiner Geschichte ist Th\u00fcringen ein Land mit einem sehr vielf\u00e4ltigen kulturellen Erbe\u201c, so der Minister.<\/p>\n<p>DWV-Vizepr\u00e4sidentin Heidrun Hiemer, ebenfalls in der DWV-Mitgliederversammlung f\u00fcr weitere vier Jahre im Amt best\u00e4tigt, bedankte sich bei den Gastgeber des 117. Deutschen Wandertages vom 26. bis 31. Juli, dem Rennsteigverein sowie der Stadt Eisenach und dem Wartburgkreis. Sie hatten f\u00fcr die Gro\u00dfveranstaltung eine Tourismusmesse, ein gro\u00dfes Rahmenprogramm und vielf\u00e4ltige gef\u00fchrte Wanderungen organisiert. Es gab eine Reihe spannender Angebote sowohl f\u00fcr \u00e4ltere als auch f\u00fcr j\u00fcngere Menschen. Hiemer: \u201eDas Versprechen der Gastgeber, dass wir auf Luthers Spuren wandern, wurde mehr als erf\u00fcllt! 95 Touren wie die 95 Thesen und immer auf geschichtstr\u00e4chtigen Pfaden!\u201c <\/p>\n<p>Angesichts der starken Regenf\u00e4lle kurz vor Beginn der Gro\u00dfveranstaltung dankte  Katja Wolf, Oberb\u00fcrgermeisterin der Stadt Eisenach, allen Organisatoren und Helfern des Wandertages und besonders den Forst- Mitarbeitern, die viele durch das Wasser zerst\u00f6rte Wege sehr schnell wieder in Ordnung gebracht hatten. Reinhard Krebs, Landrat des Wartburgkreises, sagte, dass das Wandertag-Fieber die ganze Region ergriffen habe.<br \/>\nDer Deutsche Wandertag ist das gr\u00f6\u00dfte Wanderfest der Welt, das j\u00e4hrlich vom Deutschen Wanderverband (DWV) in wechselnden Regionen veranstaltet wird. Unter dem Dach des DWV sind 58 Mitgliedsvereine mit rund 600.000 Menschen organisiert. Diese k\u00fcmmern sich ehrenamtlich um rund 200.000 Kilometer Wanderwege und schaffen so die Grundlage f\u00fcr den kr\u00e4ftig boomenden Wandertourismus in Deutschland. Nicht zuletzt engagieren sie sich im Naturschutz und der Bildungsarbeit.<\/p>\n<p>Die Schirmherrin des 117. Deutschen Wandertages und ehemalige Ministerpr\u00e4sidentin, Christine Lieberknecht, erinnerte an die Bewerbung Eisenachs 2013 f\u00fcr den Wandertag: \u201eEs geh\u00f6rt schon ein ganzes St\u00fcck Heldenmut dazu, solch einen Wandertag zu organisieren. Und ohne das gro\u00dfe ehrenamtliche Engagement w\u00e4re das nicht gelungen.\u201c Ausdr\u00fccklich begr\u00fc\u00dfte sie die in der DWV-Mitgliederversammlung einstimmig verabschiedete Resolution des Deutschen Wanderverbandes.<\/p>\n<p>In der Resolution fordert der Verband mehr  Unterst\u00fctzung durch die Bundespolitik. Aufbauend darauf, dass das Wandern die Wirtschaft f\u00f6rdert, dem Naturschutz dient und eine nachhaltige Bildung erm\u00f6glicht sowie integrierend wirkt und die Gesundheit f\u00f6rdert formuliert der Verband sechs Forderungen. Er w\u00fcnscht eine mit den notwendigen finanziellen Ressourcen ausgestattete zentrale Koordinierungsstelle auf Bundesebene f\u00fcr das Thema Wandern. Au\u00dferdem will der Verband das Thema Wandern in das Verkehrsressort und damit in die Zust\u00e4ndigkeit des Bundesministeriums f\u00fcr Verkehr und digitale Infrastruktur \u00fcberf\u00fchrt haben. Es sei zudem h\u00f6chste Zeit, dass den Wandervereinen wenigstens ein Teil ihrer finanziellen Aufwendungen f\u00fcr die Wegearbeit aus staatlichen Mitteln erstattet werde. Andernfalls sei die hohe Qualit\u00e4t der wandertouristischen Infrastruktur nicht zu halten. Die vierte Forderung des Deutschen Wanderverbandes bezieht sich auf das DWV-Gesundheitswandern, welches von der Zentralen Pr\u00fcfungsstelle Pr\u00e4vention (ZPP) ausnahmslos als Prim\u00e4rpr\u00e4ventionsleistung anerkennt werden soll. Auf den Schulunterreicht in der Natur bezieht sich die f\u00fcnfte DWV-Forderung. Der Verband fordert von der Bundesregierung, dass die zust\u00e4ndigen Bundesministerien \u00fcber ihre F\u00f6rderinstrumente Schulen dazu anregen, st\u00e4rker im Freien zu unterrichten. Schlie\u00dflich will der DWV eine Unterst\u00fctzung bei der Fortschreibung der Grundlagenstudie \u201eFreizeit- und Urlaubsmarkt Wandern\u201c aus dem Jahr 2010. Aktuelle Daten seien als Planungsgrundlage von unsch\u00e4tzbarem Wert.<\/p>\n<p>Traditioneller H\u00f6hepunkt Deutscher Wandertage ist der Empfang der Wandertags-Wimpel-Gruppe. Sie wurde auch in diesem Jahr mit viel Beifall von den Besuchern des Wandertages in Eisenach empfangen. Der Wandertagswimpel als \u201eOlympisches Feuer\u201c des Deutschen Wandertages wird traditionell von Vertretern des Wandervereines, in dessen Region das Gro\u00dfereignis im Vorjahr stattgefunden hat, zum Austragungsort des kommenden Wandertages zu Fu\u00df gebracht. In diesem Jahr war die Gruppe nach einem 605 Kilometer langen Fu\u00dfmarsch aus Sebnitz in Eisenach eingetroffen.<\/p>\n<p>Der 118. Deutsche Wandertag wird vom 15. bis 20. August 2018 im Teutoburger Wald stattfinden. Wandertagshauptstadt ist dann Detmold. Austragungsregion des 119. Deutschen Wandertages vom 3. bis 8. Juli 2019  ist das Sauerland mit Schmallenberg\/Winterberg als Wandertagshauptstadt.<\/p>\n<p>Seit 1883 vertritt der Deutsche Wanderverband (DWV) gegen\u00fcber Politik und Beh\u00f6rden die Interessen seiner Mitglieder und ist der Fachverband f\u00fcr das Wandern in Deutschland. Als Dachverband von rund 60 landesweiten und regionalen Wanderorganisationen mit rund 600.000 Mitgliedern hat der DWV wichtige Initiativen wie das Schulwandern und die Drau\u00dfenschulen, das Gesundheitswandern oder die Ausbildung von Wanderf\u00fchrern gemeinsam mit Partnern ins Leben gerufen. Au\u00dferdem zertifiziert der DWV im Rahmen seiner Qualit\u00e4tsinitiative \u201eWanderbares Deutschland\u201c Regionen, Wege und Gastgeber, wenn sie sich besonders gut f\u00fcr Wanderer eignen.<\/p>\n","protected":false},"excerpt":{"rendered":"<div class=\"tmnf_excerpt\"><p>Gestern endete in Bad Liebenstein offiziell der 117. Deut\u00c2\u00adsche Wan\u00c2\u00adder\u00c2\u00adtag in Eisenach und der Wartburgregion. In ei\u00c2\u00adner w\u00e4hrend des Wan\u00c2\u00adder\u00c2\u00adta\u00c2\u00adges von den DWV-Mitgliedern ver\u00c2\u00adab\u00c2\u00adschie\u00c2\u00adde\u00c2\u00adten Re\u00c2\u00adso\u00c2\u00adlu\u00c2\u00adti\u00c2\u00adon for\u00c2\u00addert der Deut\u00c2\u00adsche Wan\u00c2\u00adder\u00c2\u00adver\u00c2\u00adband mehr Unterst\u00fctzung durch die Bundespolitik. Andernfalls sei die hohe Qualit\u00e4t der Wanderinfrastruktur nicht mehr zu garantieren. Bodo Ramelow, Ministerpr\u00e4sident des Freistaates Th\u00fcringen, beschrieb w\u00e4hrend des Wan\u00c2\u00adder\u00c2\u00adta\u00c2\u00adges &hellip;<\/p>\n<\/div>","protected":false},"author":1,"featured_media":165902,"comment_status":"closed","ping_status":"closed","sticky":false,"template":"","format":"gallery","meta":{"footnotes":""},"categories":[1],"tags":[],"class_list":["post-165898","post","type-post","status-publish","format-gallery","has-post-thumbnail","hentry","category-startseite","post_format-post-format-gallery"],"_links":{"self":[{"href":"https:\/\/www.fuldaernachrichten.de\/index.php?rest_route=\/wp\/v2\/posts\/165898","targetHints":{"allow":["GET"]}}],"collection":[{"href":"https:\/\/www.fuldaernachrichten.de\/index.php?rest_route=\/wp\/v2\/posts"}],"about":[{"href":"https:\/\/www.fuldaernachrichten.de\/index.php?rest_route=\/wp\/v2\/types\/post"}],"author":[{"embeddable":true,"href":"https:\/\/www.fuldaernachrichten.de\/index.php?rest_route=\/wp\/v2\/users\/1"}],"replies":[{"embeddable":true,"href":"https:\/\/www.fuldaernachrichten.de\/index.php?rest_route=%2Fwp%2Fv2%2Fcomments&post=165898"}],"version-history":[{"count":1,"href":"https:\/\/www.fuldaernachrichten.de\/index.php?rest_route=\/wp\/v2\/posts\/165898\/revisions"}],"predecessor-version":[{"id":165907,"href":"https:\/\/www.fuldaernachrichten.de\/index.php?rest_route=\/wp\/v2\/posts\/165898\/revisions\/165907"}],"wp:featuredmedia":[{"embeddable":true,"href":"https:\/\/www.fuldaernachrichten.de\/index.php?rest_route=\/wp\/v2\/media\/165902"}],"wp:attachment":[{"href":"https:\/\/www.fuldaernachrichten.de\/index.php?rest_route=%2Fwp%2Fv2%2Fmedia&parent=165898"}],"wp:term":[{"taxonomy":"category","embeddable":true,"href":"https:\/\/www.fuldaernachrichten.de\/index.php?rest_route=%2Fwp%2Fv2%2Fcategories&post=165898"},{"taxonomy":"post_tag","embeddable":true,"href":"https:\/\/www.fuldaernachrichten.de\/index.php?rest_route=%2Fwp%2Fv2%2Ftags&post=165898"}],"curies":[{"name":"wp","href":"https:\/\/api.w.org\/{rel}","templated":true}]}}