{"id":165895,"date":"2017-08-01T06:35:16","date_gmt":"2017-08-01T04:35:16","guid":{"rendered":"http:\/\/www.fuldaer-nachrichten.de\/?p=165895"},"modified":"2017-08-01T06:35:16","modified_gmt":"2017-08-01T04:35:16","slug":"der-ba-x-im-juli-2017-stellenindex-erreicht-neuen-hoechststand","status":"publish","type":"post","link":"https:\/\/www.fuldaernachrichten.de\/?p=165895","title":{"rendered":"Der BA-X im Juli 2017 &#8211; Stellenindex erreicht neuen H\u00f6chststand"},"content":{"rendered":"<p>Der Stellenindex der Bundesagentur f\u00fcr Arbeit (BA-X) ist im Juli in Hessen mit einem neuen H\u00f6chstwert von 220 Punkten in die zweite Jahresh\u00e4lfte gestartet. Gegen\u00fcber dem Vormonat gab es eine Steigerung um zwei Punkte, gegen\u00fcber dem Vorjahresmonat konnte der BA-X insgesamt 9 Punkte zulegen.<\/p>\n<p>Die Nachfrage nach Arbeitskr\u00e4ften bewegt sich damit weiterhin auf einem sehr hohen Niveau. Der aktuelle Juli-Wert ist der bislang h\u00f6chste Wert in Hessen seit Erhebung des Stellenindex im Januar 2005. Den niedrigsten Wert in einem Juli gab es im Jahr 2009, der niedrigste bislang gemessene Wert lag bei 109 Punkten (Januar 2005).<\/p>\n<p>Dr. Bettina Wolf, Gesch\u00e4ftsf\u00fchrerin Operativ der Regionaldirektion Hessen, sieht in der konstant hohen Nachfrage nach Arbeitskr\u00e4ften einen wichtigen Stabilit\u00e4tsfaktor:<\/p>\n<p>\u201eDie Einstellungsbereitschaft der Betriebe ist im gesamten bisherigen Jahresverlauf ausgesprochen gro\u00df. Das wirkt sich positiv auf den hessischen Arbeitsmarkt aus, denn ein breites Stellenangebot bietet Menschen, die auf der Suche nach einer neuen Arbeitsstelle sind, bessere M\u00f6glichkeiten. Und neben den gesuchten Fachkr\u00e4ften profitieren zunehmend auch die Menschen, deren R\u00fcckkehr in den Arbeitsmarkt durch Langzeitarbeitslosigkeit, fehlende Qualifizierungen oder andere Faktoren erschwert ist.\u201c<\/p>\n<p>Hintergrundinformation<br \/>\nDer Stellenindex der Bundesagentur f\u00fcr Arbeit (BA-X) bildet die Entwicklung der Arbeitskr\u00e4ftenachfrage am ersten Arbeitsmarkt ab. Die Basis f\u00fcr den BA-Stellenindex bilden die der Bundesagentur f\u00fcr Arbeit (BA) gemeldeten ungef\u00f6rderten Arbeitsstellen, sowie die bei der BA gemeldeten Stellen f\u00fcr Freiberufler, Selbst\u00e4ndige und aus der Privaten Arbeitsvermittlung. Zur Berechnung des Index wird das Gesamtaggregat der Stellen des ersten Arbeitsmarktes saisonbereinigt.<\/p>\n","protected":false},"excerpt":{"rendered":"<div class=\"tmnf_excerpt\"><p>Der Stellenindex der Bundesagentur f\u00fcr Arbeit (BA-X) ist im Juli in Hessen mit einem neuen H\u00f6chstwert von 220 Punkten in die zweite Jahresh\u00e4lfte gestartet. Gegen\u00fcber dem Vormonat gab es eine Steigerung um zwei Punkte, gegen\u00fcber dem Vorjahresmonat konnte der BA-X insgesamt 9 Punkte zulegen. Die Nachfrage nach Arbeitskr\u00e4ften bewegt sich damit weiterhin auf einem sehr &hellip;<\/p>\n<\/div>","protected":false},"author":1,"featured_media":0,"comment_status":"closed","ping_status":"closed","sticky":false,"template":"","format":"standard","meta":{"footnotes":""},"categories":[1],"tags":[],"class_list":["post-165895","post","type-post","status-publish","format-standard","hentry","category-startseite"],"_links":{"self":[{"href":"https:\/\/www.fuldaernachrichten.de\/index.php?rest_route=\/wp\/v2\/posts\/165895","targetHints":{"allow":["GET"]}}],"collection":[{"href":"https:\/\/www.fuldaernachrichten.de\/index.php?rest_route=\/wp\/v2\/posts"}],"about":[{"href":"https:\/\/www.fuldaernachrichten.de\/index.php?rest_route=\/wp\/v2\/types\/post"}],"author":[{"embeddable":true,"href":"https:\/\/www.fuldaernachrichten.de\/index.php?rest_route=\/wp\/v2\/users\/1"}],"replies":[{"embeddable":true,"href":"https:\/\/www.fuldaernachrichten.de\/index.php?rest_route=%2Fwp%2Fv2%2Fcomments&post=165895"}],"version-history":[{"count":1,"href":"https:\/\/www.fuldaernachrichten.de\/index.php?rest_route=\/wp\/v2\/posts\/165895\/revisions"}],"predecessor-version":[{"id":165915,"href":"https:\/\/www.fuldaernachrichten.de\/index.php?rest_route=\/wp\/v2\/posts\/165895\/revisions\/165915"}],"wp:attachment":[{"href":"https:\/\/www.fuldaernachrichten.de\/index.php?rest_route=%2Fwp%2Fv2%2Fmedia&parent=165895"}],"wp:term":[{"taxonomy":"category","embeddable":true,"href":"https:\/\/www.fuldaernachrichten.de\/index.php?rest_route=%2Fwp%2Fv2%2Fcategories&post=165895"},{"taxonomy":"post_tag","embeddable":true,"href":"https:\/\/www.fuldaernachrichten.de\/index.php?rest_route=%2Fwp%2Fv2%2Ftags&post=165895"}],"curies":[{"name":"wp","href":"https:\/\/api.w.org\/{rel}","templated":true}]}}