{"id":165890,"date":"2017-08-01T06:31:36","date_gmt":"2017-08-01T04:31:36","guid":{"rendered":"http:\/\/www.fuldaer-nachrichten.de\/?p=165890"},"modified":"2017-08-01T06:31:36","modified_gmt":"2017-08-01T04:31:36","slug":"kain-und-abel-im-ulstertal-ein-musical-von-anna-marita-engel-text-und-thomas-nuedling-musik","status":"publish","type":"post","link":"https:\/\/www.fuldaernachrichten.de\/?p=165890","title":{"rendered":"\u201eKain und Abel\u201c im Ulstertal Ein Musical von Anna Marita Engel (Text) und Thomas N\u00fcdling (Musik)"},"content":{"rendered":"<p><a href=\"http:\/\/www.fuldaer-nachrichten.de\/wp-content\/uploads\/2017\/08\/Kain-and-Abel.jpg\"><img fetchpriority=\"high\" decoding=\"async\" src=\"http:\/\/www.fuldaer-nachrichten.de\/wp-content\/uploads\/2017\/08\/Kain-and-Abel-265x199.jpg\" alt=\"\" width=\"265\" height=\"199\" class=\"alignleft size-thumbnail wp-image-165900\" srcset=\"https:\/\/www.fuldaernachrichten.de\/wp-content\/uploads\/2017\/08\/Kain-and-Abel-265x199.jpg 265w, https:\/\/www.fuldaernachrichten.de\/wp-content\/uploads\/2017\/08\/Kain-and-Abel-768x576.jpg 768w, https:\/\/www.fuldaernachrichten.de\/wp-content\/uploads\/2017\/08\/Kain-and-Abel-600x450.jpg 600w, https:\/\/www.fuldaernachrichten.de\/wp-content\/uploads\/2017\/08\/Kain-and-Abel.jpg 900w\" sizes=\"(max-width: 265px) 100vw, 265px\" \/><\/a>Das \u201eForum Michaelshof\u201c veranstaltet in Zusammenarbeit mit dem Verein \u201egemeinsam mit dem Michaelshof\u201c und dem Pastoralverbund St. Michael Hohe Rh\u00f6n in den Sommerferien ein Musicalprojekt f\u00fcr alle Generationen.<\/p>\n<p>\u00dcber sechzig Mitwirkende aus der Region und aus ganz Deutschland sind daran beteiligt: Sie alle haben in den vergangenen Tagen gesungen, geschauspielt, gesprochen, getanzt, geh\u00e4mmert, gestrichen, gen\u00e4ht usw., um das Musical \u201eKain und Abel\u201c von Anna Marita Engel (Text) und Thomas N\u00fcdling (Musik) auf die B\u00fchne zu bringen.<\/p>\n<p>Es erz\u00e4hlt die Geschichte der ungleichen Br\u00fcder in Form einer Gerichtsverhandlung: Dem Hauptangeklagten, Ackerbauer Kain, wird zur Last gelegt seinen Bruder Abel erschlagen zu haben. Richter, Verteidiger, Ankl\u00e4ger, Angeklagte sowie das in gro\u00dfer Anzahl vertretene Volk \u2013 alle Agierenden sind um Ausreden und Rechtfertigungen nicht verlegen und verlangen Antworten und L\u00f6sungen. Bis zur Urteilsverk\u00fcndung herrscht also Spannung und Aktion.<\/p>\n<p>Die (Ur-)Auff\u00fchrungen finden statt am:<br \/>\nFreitag, 4. August, 19:30 Uhr: \u201eSt. Bartholom\u00e4us\u201c Hilders<br \/>\nSamstag, 5. August, 19:30 Uhr: \u201eSt. Michael\u201c Eckweisbach<br \/>\nSonntag, 6. August, 16 Uhr: Pfarrkirche \u201eSt. Elisabeth\u201c Lahrbach<\/p>\n<p>Der Eintritt ist frei! Herzliche Einladung!<\/p>\n","protected":false},"excerpt":{"rendered":"<div class=\"tmnf_excerpt\"><p>Das \u201eForum Michaelshof\u201c veranstaltet in Zusammenarbeit mit dem Verein \u201egemeinsam mit dem Michaelshof\u201c und dem Pastoralverbund St. Michael Hohe Rh\u00f6n in den Sommerferien ein Musicalprojekt f\u00fcr alle Generationen. \u00dcber sechzig Mitwirkende aus der Region und aus ganz Deutschland sind daran beteiligt: Sie alle haben in den vergangenen Tagen gesungen, geschauspielt, gesprochen, getanzt, geh\u00e4mmert, gestrichen, gen\u00e4ht &hellip;<\/p>\n<\/div>","protected":false},"author":1,"featured_media":165899,"comment_status":"closed","ping_status":"closed","sticky":false,"template":"","format":"standard","meta":{"footnotes":""},"categories":[1],"tags":[],"class_list":["post-165890","post","type-post","status-publish","format-standard","has-post-thumbnail","hentry","category-startseite"],"_links":{"self":[{"href":"https:\/\/www.fuldaernachrichten.de\/index.php?rest_route=\/wp\/v2\/posts\/165890","targetHints":{"allow":["GET"]}}],"collection":[{"href":"https:\/\/www.fuldaernachrichten.de\/index.php?rest_route=\/wp\/v2\/posts"}],"about":[{"href":"https:\/\/www.fuldaernachrichten.de\/index.php?rest_route=\/wp\/v2\/types\/post"}],"author":[{"embeddable":true,"href":"https:\/\/www.fuldaernachrichten.de\/index.php?rest_route=\/wp\/v2\/users\/1"}],"replies":[{"embeddable":true,"href":"https:\/\/www.fuldaernachrichten.de\/index.php?rest_route=%2Fwp%2Fv2%2Fcomments&post=165890"}],"version-history":[{"count":1,"href":"https:\/\/www.fuldaernachrichten.de\/index.php?rest_route=\/wp\/v2\/posts\/165890\/revisions"}],"predecessor-version":[{"id":165901,"href":"https:\/\/www.fuldaernachrichten.de\/index.php?rest_route=\/wp\/v2\/posts\/165890\/revisions\/165901"}],"wp:featuredmedia":[{"embeddable":true,"href":"https:\/\/www.fuldaernachrichten.de\/index.php?rest_route=\/wp\/v2\/media\/165899"}],"wp:attachment":[{"href":"https:\/\/www.fuldaernachrichten.de\/index.php?rest_route=%2Fwp%2Fv2%2Fmedia&parent=165890"}],"wp:term":[{"taxonomy":"category","embeddable":true,"href":"https:\/\/www.fuldaernachrichten.de\/index.php?rest_route=%2Fwp%2Fv2%2Fcategories&post=165890"},{"taxonomy":"post_tag","embeddable":true,"href":"https:\/\/www.fuldaernachrichten.de\/index.php?rest_route=%2Fwp%2Fv2%2Ftags&post=165890"}],"curies":[{"name":"wp","href":"https:\/\/api.w.org\/{rel}","templated":true}]}}