{"id":165889,"date":"2017-08-01T06:30:52","date_gmt":"2017-08-01T04:30:52","guid":{"rendered":"http:\/\/www.fuldaer-nachrichten.de\/?p=165889"},"modified":"2017-08-01T06:30:52","modified_gmt":"2017-08-01T04:30:52","slug":"38-kolping-bezirkswallfahrt-zur-mutter-der-barmherzigkeit-am-maria-ehrenberg","status":"publish","type":"post","link":"https:\/\/www.fuldaernachrichten.de\/?p=165889","title":{"rendered":"38. Kolping &#8211; Bezirkswallfahrt zur  \u201eMutter der Barmherzigkeit\u201c am  Maria Ehrenberg"},"content":{"rendered":"<p>Am Sonntag, 6. August 2017 wird wieder die Kolpingwallfahrt der Kolpingfamilien des Bezirks Neuhof zur \u201eMutter der Barmherzigkeit\u201c auf dem Maria Ehrenberg bei Motten stattfinden.<\/p>\n<p>Die Wallfahrten auf den Maria Ehrenberg sind seit 1521 nachgewiesen. Der Hauptwallfahrttag ist immer zu Maria Himmelfahrt (15. August). Die Bezirkswallfahrt findet nunmehr bei Kolping im 38. Jahr in der Folge statt. <\/p>\n<p>Der Wallfahrtsgottesdienst beginnt um 10:30 Uhr.<\/p>\n<p>F\u00fcr Pilger bestehen zwei M\u00f6glichkeiten der Teilnahme:<br \/>\nFu\u00dfwallfahrt: Der Abgang der Wallfahrer zu Fu\u00df ist um 4.45 Uhr in der Weiherstra\u00dfe 4 in Niederkalbach. <\/p>\n<p>Autowallfahrer: Die Zufahrt zum Parkplatz am Fu\u00dfe des im Truppen\u00fcbungsplatz gelegenen Maria Ehrenberges ist m\u00f6glich. Ab 9.00 Uhr wird die Schranke zum Truppen\u00fcbungsplatz bei Kothen (am Ortseingang von Motten kommend) ge\u00f6ffnet. <\/p>\n<p>Nur f\u00fcr Behinderte ist Zufahrt bis zur Wallfahrtskirche m\u00f6glich.<\/p>\n<p>Der Abgang der Kolping \u2013 Fu\u00dfwallfahrt ist um 4:45 Uhr in Niederkalbach in der Weiherstrasse. <\/p>\n<p>Pilger aus Mittelkalbach k\u00f6nnen sich um ca. 5:30\u00c2\u00a0Uhr am Parkplatz \u201eOthelms\u201c an der Kreisstra\u00dfe 69 Mittelkalbach \u2013 B\u00fcchenberg (Rehbach) der Wallfahrt anschlie\u00dfen.<br \/>\nAuch ein weiteres dazukommen von Pilgern ist um etwa 6:30 Uhr bei der ersten Rast in Uttrichshausen in der Talbr\u00fcckenstrasse 3 &#8211; Edeka Gesch\u00e4ft und am Mottener Kreuz oberhalb von Motten am Eingang zum Truppen\u00fcbungsplatz um etwa 8:15 Uhr m\u00f6glich.<br \/>\nDie Pilger treffen sich mit der Fu\u00dfwallfahrt entweder am Mottener Kreuz um etwa 8:15 Uhr oder an der Treppe des Maria Ehrenberges zum gemeinsamen Aufstieg \u00fcber die 254 Stufen zur Wallfahrtkirche um ca. 9:15 Uhr. <\/p>\n<p>Das Treffen an der Treppe des Maria Ehrenberges zum gemeinsamen Aufstieg \u00fcber die 254 Stufen bis zum Gnadenbild ist um ca. 9:15 Uhr. Der Wallfahrtsgottesdienst beginnt um 10:30 Uhr.<\/p>\n<p>Eine Mittagsverpflegung ist durch die Gastronomie auf dem Maria Ehrenberg m\u00f6glich.<br \/>\nIm Bezirksverband Neuhof des Kolpingwerkes sind die Kolpingfamilien Neuhof, Giesel, Niederkalbach, Flieden und Schl\u00fcchtern zusammengeschlossen.<\/p>\n<p>N\u00e4here Informationen beim Bezirksvorsitzenden und Wallfahrtsleiter Werner Reck, Niederkalbach, Weiherstra\u00dfe 4 unter Tel. 06655 \/ 1410 oder<br \/>\nKolpingBezirkNeuhof@t-online.de <\/p>\n","protected":false},"excerpt":{"rendered":"<div class=\"tmnf_excerpt\"><p>Am Sonntag, 6. August 2017 wird wieder die Kolpingwallfahrt der Kolpingfamilien des Bezirks Neuhof zur \u201eMutter der Barmherzigkeit\u201c auf dem Maria Ehrenberg bei Motten stattfinden. Die Wallfahrten auf den Maria Ehrenberg sind seit 1521 nachgewiesen. Der Hauptwallfahrttag ist immer zu Maria Himmelfahrt (15. August). Die Bezirkswallfahrt findet nunmehr bei Kolping im 38. Jahr in der &hellip;<\/p>\n<\/div>","protected":false},"author":1,"featured_media":0,"comment_status":"closed","ping_status":"closed","sticky":false,"template":"","format":"standard","meta":{"footnotes":""},"categories":[1],"tags":[],"class_list":["post-165889","post","type-post","status-publish","format-standard","hentry","category-startseite"],"_links":{"self":[{"href":"https:\/\/www.fuldaernachrichten.de\/index.php?rest_route=\/wp\/v2\/posts\/165889","targetHints":{"allow":["GET"]}}],"collection":[{"href":"https:\/\/www.fuldaernachrichten.de\/index.php?rest_route=\/wp\/v2\/posts"}],"about":[{"href":"https:\/\/www.fuldaernachrichten.de\/index.php?rest_route=\/wp\/v2\/types\/post"}],"author":[{"embeddable":true,"href":"https:\/\/www.fuldaernachrichten.de\/index.php?rest_route=\/wp\/v2\/users\/1"}],"replies":[{"embeddable":true,"href":"https:\/\/www.fuldaernachrichten.de\/index.php?rest_route=%2Fwp%2Fv2%2Fcomments&post=165889"}],"version-history":[{"count":1,"href":"https:\/\/www.fuldaernachrichten.de\/index.php?rest_route=\/wp\/v2\/posts\/165889\/revisions"}],"predecessor-version":[{"id":165897,"href":"https:\/\/www.fuldaernachrichten.de\/index.php?rest_route=\/wp\/v2\/posts\/165889\/revisions\/165897"}],"wp:attachment":[{"href":"https:\/\/www.fuldaernachrichten.de\/index.php?rest_route=%2Fwp%2Fv2%2Fmedia&parent=165889"}],"wp:term":[{"taxonomy":"category","embeddable":true,"href":"https:\/\/www.fuldaernachrichten.de\/index.php?rest_route=%2Fwp%2Fv2%2Fcategories&post=165889"},{"taxonomy":"post_tag","embeddable":true,"href":"https:\/\/www.fuldaernachrichten.de\/index.php?rest_route=%2Fwp%2Fv2%2Ftags&post=165889"}],"curies":[{"name":"wp","href":"https:\/\/api.w.org\/{rel}","templated":true}]}}