{"id":165881,"date":"2017-08-01T06:28:35","date_gmt":"2017-08-01T04:28:35","guid":{"rendered":"http:\/\/www.fuldaer-nachrichten.de\/?p=165881"},"modified":"2017-08-01T06:28:35","modified_gmt":"2017-08-01T04:28:35","slug":"buergerinitiative-l14-diskutiert-angebot-der-stadt","status":"publish","type":"post","link":"https:\/\/www.fuldaernachrichten.de\/?p=165881","title":{"rendered":"B\u00fcrgerinitiative L14 diskutiert Angebot der Stadt"},"content":{"rendered":"<p>Auf die Reaktion der Ver\u00f6ffentlichung eines Offenen Briefes der B\u00fcrger*innen-Initiative Langebr\u00fcckenstrasse 14 (BI L14) fand zeitnah im Juni ein Gespr\u00e4ch zwischen Oberb\u00fcrgermeister Dr. Heiko Wingenfeld, Stadtbaurat Daniel Schreiner, Wolfram Latsch (AWO), Christian Schmitt (Jugendwerk der AWO Nordhessen) und 3 Sprechern der BI L14 statt.<\/p>\n<p>Der von der Stadt Fulda im Februar 2017 in Aussicht gestellten Pr\u00fcfung des R\u00fcckkauf einer Teilfl\u00e4che der Langebr\u00fcckenstra\u00dfe 14 zugunsten des Verbleibs der Initiativen vor Ort erteilte Oberb\u00fcrgermeister Dr. Wingenfeld in diesem Gespr\u00e4ch eine klare Absage. Die Begr\u00fcndung liege nach Aussage Wingenfelds im hohen R\u00fcckkaufpreis weit \u00fcber Verkehrswert sowie weiteren erheblichen Sanierungskosten der zurzeit genutzten Geb\u00e4ude.<\/p>\n<p>Oberb\u00fcrgermeister Dr. Wingenfeld stellte gleichzeitig den Beteiligten von AWO und BI L14 seine Ideen f\u00fcr einen langfristig zu nutzenden, soziokulturellen Standort vor, der nach seinen Einsch\u00e4tzungen eine Alternative zum derzeitigen Standort Langebr\u00fcckenstrasse 14 sein kann. Er betonte das Vorhaben der Stadt, Raum f\u00fcr freie Kultur einzur\u00e4umen und perspektivisch weiterzuentwickeln. Weiter wird seitens der Stadt Fulda die Aufnahme dieses Areals in das aktuelle Stadtumbauprogramm Langebr\u00fcckenstrasse \/ Hinterburg beantragt, wie Stadtbaurat Schreiner im Rahmen der Lenkungsgruppe zum Stadtumbau mitteilte. Dadurch, so der Vertreter der Stadt, werden langfristig Finanzmittel zur Verf\u00fcgung stehen, die auch zum Teil in den strukturellen Aufbau eines soziokulturellen Zentrums flie\u00dfen sollen.<\/p>\n<p>Die BI L14 ist seinerzeit entstanden, um die soziokulturelle Vielfalt der Stadt Fulda am jetzigen Standort zu erhalten. Sie begr\u00fc\u00dft daher die Aussage von OB Wingenfeld und die Bem\u00fchungen der Stadt, den gewachsenen Initiativen in ihrer Gesamtheit eine Perspektive zu geben. Inzwischen fand eine erste Begehung eines alternativen Standortes mit dem Stadtbaurat statt. Anwesend war auch ein von der Stadt beauftragter Planer f\u00fcr die Erstellung einer Machbarkeitsstudie.<\/p>\n<p>Der Weggang von der Langebr\u00fcckenstra\u00dfe an den angebotenen Standort wird innerhalb der BI L14 kontrovers diskutiert. Viele Kriterien sind hier zu ber\u00fccksichtigen. In Anbetracht der endenden Mietvertr\u00e4ge zum 31.12.2017 \u00fcbt ein perspektivisch sinnvoller und den Bed\u00fcrfnissen eines soziokulturellen Quartiers ber\u00fccksichtigender Umbau einen immensen Druck aus. Zumal in den angebotenen R\u00e4umen ein erheblicher Sanierungsbedarf besteht. Dessen Behebung dauert laut Stadtbaurat Schreiner mehrere Jahre.<\/p>\n<p>Ein Umzug bis zum 31.12.17 ist nach Einsch\u00e4tzung der BI L14 unwahrscheinlich. Die Frage steht demnach im Raum, wo die Gesamtheit der Initiativen nach dem 31.12.17 weiterarbeiten kann. Eine Unterbrechung der Arbeit wird von der BI L14 nicht hingenommen. Es besteht die Gefahr, dass die entstandene Gemeinschaft auseinander f\u00e4llt. Deshalb muss ein \u00dcbergang in der Gesamtheit gew\u00e4hrleistet sein. Au\u00dferdem brauchen die Initiativen und Nutzer der Langebr\u00fcckenstra\u00dfe Planungssicherheit.<\/p>\n<p>Um die Planungen voranzutreiben haben die Gruppen und Initiativen in der K\u00fcrze der Zeit einen ersten Bedarfsplan erstellt und dem Referenten der AWO Nordhessen, Christian Schmitt mitgeteilt. Ein Treffen mit Wolfram Latsch, Gesch\u00e4ftsf\u00fchrer der AWO Fulda ist zeitnah geplant, um Ergebnisse zusammenzuf\u00fchren, einen ersten Entwurf der Nutzung und grundlegende bauliche Rahmenbedingungen abzustimmen.<\/p>\n","protected":false},"excerpt":{"rendered":"<div class=\"tmnf_excerpt\"><p>Auf die Reaktion der Ver\u00f6ffentlichung eines Offenen Briefes der B\u00fcrger*innen-Initiative Langebr\u00fcckenstrasse 14 (BI L14) fand zeitnah im Juni ein Gespr\u00e4ch zwischen Oberb\u00fcrgermeister Dr. Heiko Wingenfeld, Stadtbaurat Daniel Schreiner, Wolfram Latsch (AWO), Christian Schmitt (Jugendwerk der AWO Nordhessen) und 3 Sprechern der BI L14 statt. Der von der Stadt Fulda im Februar 2017 in Aussicht gestellten &hellip;<\/p>\n<\/div>","protected":false},"author":1,"featured_media":0,"comment_status":"closed","ping_status":"closed","sticky":false,"template":"","format":"standard","meta":{"footnotes":""},"categories":[1],"tags":[],"class_list":["post-165881","post","type-post","status-publish","format-standard","hentry","category-startseite"],"_links":{"self":[{"href":"https:\/\/www.fuldaernachrichten.de\/index.php?rest_route=\/wp\/v2\/posts\/165881","targetHints":{"allow":["GET"]}}],"collection":[{"href":"https:\/\/www.fuldaernachrichten.de\/index.php?rest_route=\/wp\/v2\/posts"}],"about":[{"href":"https:\/\/www.fuldaernachrichten.de\/index.php?rest_route=\/wp\/v2\/types\/post"}],"author":[{"embeddable":true,"href":"https:\/\/www.fuldaernachrichten.de\/index.php?rest_route=\/wp\/v2\/users\/1"}],"replies":[{"embeddable":true,"href":"https:\/\/www.fuldaernachrichten.de\/index.php?rest_route=%2Fwp%2Fv2%2Fcomments&post=165881"}],"version-history":[{"count":1,"href":"https:\/\/www.fuldaernachrichten.de\/index.php?rest_route=\/wp\/v2\/posts\/165881\/revisions"}],"predecessor-version":[{"id":165887,"href":"https:\/\/www.fuldaernachrichten.de\/index.php?rest_route=\/wp\/v2\/posts\/165881\/revisions\/165887"}],"wp:attachment":[{"href":"https:\/\/www.fuldaernachrichten.de\/index.php?rest_route=%2Fwp%2Fv2%2Fmedia&parent=165881"}],"wp:term":[{"taxonomy":"category","embeddable":true,"href":"https:\/\/www.fuldaernachrichten.de\/index.php?rest_route=%2Fwp%2Fv2%2Fcategories&post=165881"},{"taxonomy":"post_tag","embeddable":true,"href":"https:\/\/www.fuldaernachrichten.de\/index.php?rest_route=%2Fwp%2Fv2%2Ftags&post=165881"}],"curies":[{"name":"wp","href":"https:\/\/api.w.org\/{rel}","templated":true}]}}