{"id":165879,"date":"2017-08-01T06:27:48","date_gmt":"2017-08-01T04:27:48","guid":{"rendered":"http:\/\/www.fuldaer-nachrichten.de\/?p=165879"},"modified":"2017-08-01T06:27:48","modified_gmt":"2017-08-01T04:27:48","slug":"3-tanzabend-am-gemuesemarkt-fulda-open-air-salsa-gaumenfreuden-am-samstag-12-august-2017","status":"publish","type":"post","link":"https:\/\/www.fuldaernachrichten.de\/?p=165879","title":{"rendered":"3. Tanzabend am Gem\u00fcsemarkt Fulda Open-Air, Salsa &#038; Gaumenfreuden am Samstag, 12. August 2017"},"content":{"rendered":"<p>Am Samstag, 12. August 2017 findet der 3. Tanzabend am Gem\u00fcsemarkt Fulda statt. Der City Marketing Fulda e. V. und die ans\u00e4ssigen Gastronomen laden wieder zu Salsa, Bachata, Merengue, Cha Cha Cha und Gaumenfreuden ein. Von 18:00 Uhr bis 24.00 Uhr k\u00f6nnen die G\u00e4ste einen sch\u00f6nen Sommerabend mit k\u00fchlen Getr\u00e4nken, leckeren K\u00f6stlichkeiten und fr\u00f6hlicher Tanzatmosph\u00e4re verbringen.  <\/p>\n<p>\u201eMit dem Tanzabend am Gem\u00fcsemarkt, der sich mittlerweile fest etabliert hat, f\u00f6rdern und st\u00e4rken wir auch das Gemeinschaftsgef\u00fchl der ans\u00e4ssigen H\u00e4ndler und Gastronomen und schaffen so eine attraktive Belebung des Platzes\u201c, freuen sich Edi Leib und Dominik H\u00f6hl. <\/p>\n<p>Salsa verbindet afrikanische Wurzeln mit modernem Jazz und ist eine Mischung aus verschiedenen Rhythmen wie Mambo, Cha-Cha-Cha sowie Rumba. Beim Tanzen kann jeder alles loslassen, sich frei f\u00fchlen, rhythmisch \u00fcber das Parkett gleiten und sich von der Musik und der Bewegung mitrei\u00dfen lassen.  <\/p>\n<p>F\u00fcr alle, die Salsa gerne lernen oder einfach ausprobieren m\u00f6chten, wird ein kostenfreier Schnupperkurs von 19:00 Uhr bis 20:00 Uhr angeboten. In dem einst\u00fcndigen Crashkurs k\u00f6nnen Salsa-Neulinge die Grundschritte lernen. Anschlie\u00dfend kann ab 20:00 Uhr in die Nacht hinein getanzt werden. Der Schnupperkurs und der gesamte Tanzabend werden wieder von 2dancesalsa geleitet, die seit Jahren die Salsa Scene in Fulda pr\u00e4gen. Der 3. Tanzabend am Gem\u00fcsemarkt ist kostenfrei. Bei schlechtem Wetter wird die Veranstaltung auf Samstag, 19. August verschoben.  <\/p>\n","protected":false},"excerpt":{"rendered":"<div class=\"tmnf_excerpt\"><p>Am Samstag, 12. August 2017 findet der 3. Tanzabend am Gem\u00fcsemarkt Fulda statt. Der City Marketing Fulda e. V. und die ans\u00e4ssigen Gastronomen laden wieder zu Salsa, Bachata, Merengue, Cha Cha Cha und Gaumenfreuden ein. Von 18:00 Uhr bis 24.00 Uhr k\u00f6nnen die G\u00e4ste einen sch\u00f6nen Sommerabend mit k\u00fchlen Getr\u00e4nken, leckeren K\u00f6stlichkeiten und fr\u00f6hlicher Tanzatmosph\u00e4re &hellip;<\/p>\n<\/div>","protected":false},"author":1,"featured_media":0,"comment_status":"closed","ping_status":"closed","sticky":false,"template":"","format":"standard","meta":{"footnotes":""},"categories":[1],"tags":[],"class_list":["post-165879","post","type-post","status-publish","format-standard","hentry","category-startseite"],"_links":{"self":[{"href":"https:\/\/www.fuldaernachrichten.de\/index.php?rest_route=\/wp\/v2\/posts\/165879","targetHints":{"allow":["GET"]}}],"collection":[{"href":"https:\/\/www.fuldaernachrichten.de\/index.php?rest_route=\/wp\/v2\/posts"}],"about":[{"href":"https:\/\/www.fuldaernachrichten.de\/index.php?rest_route=\/wp\/v2\/types\/post"}],"author":[{"embeddable":true,"href":"https:\/\/www.fuldaernachrichten.de\/index.php?rest_route=\/wp\/v2\/users\/1"}],"replies":[{"embeddable":true,"href":"https:\/\/www.fuldaernachrichten.de\/index.php?rest_route=%2Fwp%2Fv2%2Fcomments&post=165879"}],"version-history":[{"count":1,"href":"https:\/\/www.fuldaernachrichten.de\/index.php?rest_route=\/wp\/v2\/posts\/165879\/revisions"}],"predecessor-version":[{"id":165884,"href":"https:\/\/www.fuldaernachrichten.de\/index.php?rest_route=\/wp\/v2\/posts\/165879\/revisions\/165884"}],"wp:attachment":[{"href":"https:\/\/www.fuldaernachrichten.de\/index.php?rest_route=%2Fwp%2Fv2%2Fmedia&parent=165879"}],"wp:term":[{"taxonomy":"category","embeddable":true,"href":"https:\/\/www.fuldaernachrichten.de\/index.php?rest_route=%2Fwp%2Fv2%2Fcategories&post=165879"},{"taxonomy":"post_tag","embeddable":true,"href":"https:\/\/www.fuldaernachrichten.de\/index.php?rest_route=%2Fwp%2Fv2%2Ftags&post=165879"}],"curies":[{"name":"wp","href":"https:\/\/api.w.org\/{rel}","templated":true}]}}