{"id":165874,"date":"2017-08-01T06:25:37","date_gmt":"2017-08-01T04:25:37","guid":{"rendered":"http:\/\/www.fuldaer-nachrichten.de\/?p=165874"},"modified":"2017-08-01T06:25:37","modified_gmt":"2017-08-01T04:25:37","slug":"lesung-mit-tim-fruehling-im-antonius-ladencafe","status":"publish","type":"post","link":"https:\/\/www.fuldaernachrichten.de\/?p=165874","title":{"rendered":"Lesung mit Tim Fr\u00fchling im antonius LadenCaf\u00e9"},"content":{"rendered":"<p>Tim Fr\u00fchling ist am Freitag, den 4. August 2017, zu Gast im antonius LadenCaf\u00e9 (Severiberg 1, 36037 Fulda). Ab 19.30 Uhr liest der Moderator, Wetteransager und Buchautor aus seinem Buch \u201e111 Orte in Osthessen und der Rh\u00f6n, die man gesehen haben muss\u201c. F\u00fcr Snacks und Getr\u00e4nke ist gesorgt. Der Eintritt ist frei. Platzreservierungen sind nicht m\u00f6glich. <\/p>\n","protected":false},"excerpt":{"rendered":"<div class=\"tmnf_excerpt\"><p>Tim Fr\u00fchling ist am Freitag, den 4. August 2017, zu Gast im antonius LadenCaf\u00e9 (Severiberg 1, 36037 Fulda). Ab 19.30 Uhr liest der Moderator, Wetteransager und Buchautor aus seinem Buch \u201e111 Orte in Osthessen und der Rh\u00f6n, die man gesehen haben muss\u201c. F\u00fcr Snacks und Getr\u00e4nke ist gesorgt. Der Eintritt ist frei. Platzreservierungen sind nicht &hellip;<\/p>\n<\/div>","protected":false},"author":1,"featured_media":0,"comment_status":"closed","ping_status":"closed","sticky":false,"template":"","format":"standard","meta":{"footnotes":""},"categories":[1],"tags":[],"class_list":["post-165874","post","type-post","status-publish","format-standard","hentry","category-startseite"],"_links":{"self":[{"href":"https:\/\/www.fuldaernachrichten.de\/index.php?rest_route=\/wp\/v2\/posts\/165874","targetHints":{"allow":["GET"]}}],"collection":[{"href":"https:\/\/www.fuldaernachrichten.de\/index.php?rest_route=\/wp\/v2\/posts"}],"about":[{"href":"https:\/\/www.fuldaernachrichten.de\/index.php?rest_route=\/wp\/v2\/types\/post"}],"author":[{"embeddable":true,"href":"https:\/\/www.fuldaernachrichten.de\/index.php?rest_route=\/wp\/v2\/users\/1"}],"replies":[{"embeddable":true,"href":"https:\/\/www.fuldaernachrichten.de\/index.php?rest_route=%2Fwp%2Fv2%2Fcomments&post=165874"}],"version-history":[{"count":1,"href":"https:\/\/www.fuldaernachrichten.de\/index.php?rest_route=\/wp\/v2\/posts\/165874\/revisions"}],"predecessor-version":[{"id":165876,"href":"https:\/\/www.fuldaernachrichten.de\/index.php?rest_route=\/wp\/v2\/posts\/165874\/revisions\/165876"}],"wp:attachment":[{"href":"https:\/\/www.fuldaernachrichten.de\/index.php?rest_route=%2Fwp%2Fv2%2Fmedia&parent=165874"}],"wp:term":[{"taxonomy":"category","embeddable":true,"href":"https:\/\/www.fuldaernachrichten.de\/index.php?rest_route=%2Fwp%2Fv2%2Fcategories&post=165874"},{"taxonomy":"post_tag","embeddable":true,"href":"https:\/\/www.fuldaernachrichten.de\/index.php?rest_route=%2Fwp%2Fv2%2Ftags&post=165874"}],"curies":[{"name":"wp","href":"https:\/\/api.w.org\/{rel}","templated":true}]}}