{"id":165871,"date":"2017-08-01T06:25:04","date_gmt":"2017-08-01T04:25:04","guid":{"rendered":"http:\/\/www.fuldaer-nachrichten.de\/?p=165871"},"modified":"2017-08-01T06:25:04","modified_gmt":"2017-08-01T04:25:04","slug":"annwn-praesentieren-ihr-neues-album-enaid-in-der-kapelle-des-vonderau-museums","status":"publish","type":"post","link":"https:\/\/www.fuldaernachrichten.de\/?p=165871","title":{"rendered":"Annwn pr\u00e4sentieren ihr neues Album \u201eEnaid\u201c in der Kapelle des Vonderau Museums"},"content":{"rendered":"<p>Am Sonntag, den 13. August 2017, um 18.00 Uhr, pr\u00e4sentieren Annwn in der Kapelle des Vonderau Museums, Jesuitenplatz 2, 36037 Fulda, ihr neues Album \u201eEnaid\u201c und nehmen nach einer kreativen Pause den Faden des Vorg\u00e4ngers \u201eAeon\u201c wieder auf. Emotionaler, orchestraler und filigraner denn je entf\u00fchrt die sechsk\u00f6pfige Band ihre H\u00f6rer in die Welt des Mystic Folk, bewegt sich spielerisch zwischen den verschiedensten Kulturen und Epochen, immer getragen von den sanften Kl\u00e4ngen der Keltischen Harfe und der klaren, warmen Stimme von S\u00e4ngerin Sabine Hornung. Gef\u00fchlvoll wie Loreena McKennitt, mystisch wie Enya oder Lisa Gerrard, dabei jedoch stets tief verwurzelt in den reichen musikalischen Traditionen des mittelalterlichen Europa \u2013 Annwn verstehen es, ihr Publikum zu verzaubern und die Tore der Zeit f\u00fcr eine kleine Weile zu \u00f6ffnen.<br \/>\nThema des neuen Programms ist die menschliche Seele, nach der \u201eEnaid\u201c (= Walisisch: die Seele) auch benannt ist. Von der durch die h\u00f6fische Dichtkunst des Mittelalters inspirierten Lyrik Guillaume de Machauts bis hin zum wehm\u00fctigen, sephardischen \u201eAdio Querida\u201c, von \u201eVem kan segla\u201c, einem schwedischen Abschiedslied, zu den sehnsuchtsvollen Melodien der irischen und bretonischen Folklore oder auch den geistlichen Kl\u00e4ngen der Cantigas de Santa Maria, einer Sammlung von Marienliedern aus dem 13. Jahrhundert \u2013 Annwn erz\u00e4hlen Geschichten von Liebe und Trauer, von Sehnsucht und Gl\u00fcck, Abschied und Heimkehr. Dem Kreis des Lebens folgend spielt selbst der Tod eine wichtige Rolle. Dieser Verg\u00e4nglichkeit des Menschen gibt der italienische Komponist Stefano Landi in seiner \u201ePassacaglia della vita\u201c ebenso eine musikalische Form wie das von Sabine Hornung komponierte \u201eLost in time\u201c die in der Natur allgegenw\u00e4rtige Hoffnung auf Erneuerung zum Ausdruck bringt.<br \/>\nAnnwn bieten eine echte Hommage an die Emotionalit\u00e4t von alter Musik und Folklore \u2013 zeitlos und sch\u00f6n, jenseits aller kulturellen Grenzen, von Orient bis Okzident.<\/p>\n<p>Karten zu dieser Veranstaltung die vom Kulturamt der Stadt Fulda angeboten wird, sind im Vorverkauf in der Gesch\u00e4ftsstelle der Fuldaer Zeitung (10,00 \u00e2\u201a\u00ac, erm\u00e4\u00dfigt 8,00 \u00e2\u201a\u00ac) sowie an der Abendkasse (12,00 \u00e2\u201a\u00ac, erm\u00e4\u00dfigt  10,00 \u00e2\u201a\u00ac) erh\u00e4ltlich.<\/p>\n","protected":false},"excerpt":{"rendered":"<div class=\"tmnf_excerpt\"><p>Am Sonntag, den 13. August 2017, um 18.00 Uhr, pr\u00e4sentieren Annwn in der Kapelle des Vonderau Museums, Jesuitenplatz 2, 36037 Fulda, ihr neues Album \u201eEnaid\u201c und nehmen nach einer kreativen Pause den Faden des Vorg\u00e4ngers \u201eAeon\u201c wieder auf. Emotionaler, orchestraler und filigraner denn je entf\u00fchrt die sechsk\u00f6pfige Band ihre H\u00f6rer in die Welt des Mystic &hellip;<\/p>\n<\/div>","protected":false},"author":1,"featured_media":165872,"comment_status":"closed","ping_status":"closed","sticky":false,"template":"","format":"standard","meta":{"footnotes":""},"categories":[1],"tags":[],"class_list":["post-165871","post","type-post","status-publish","format-standard","has-post-thumbnail","hentry","category-startseite"],"_links":{"self":[{"href":"https:\/\/www.fuldaernachrichten.de\/index.php?rest_route=\/wp\/v2\/posts\/165871","targetHints":{"allow":["GET"]}}],"collection":[{"href":"https:\/\/www.fuldaernachrichten.de\/index.php?rest_route=\/wp\/v2\/posts"}],"about":[{"href":"https:\/\/www.fuldaernachrichten.de\/index.php?rest_route=\/wp\/v2\/types\/post"}],"author":[{"embeddable":true,"href":"https:\/\/www.fuldaernachrichten.de\/index.php?rest_route=\/wp\/v2\/users\/1"}],"replies":[{"embeddable":true,"href":"https:\/\/www.fuldaernachrichten.de\/index.php?rest_route=%2Fwp%2Fv2%2Fcomments&post=165871"}],"version-history":[{"count":1,"href":"https:\/\/www.fuldaernachrichten.de\/index.php?rest_route=\/wp\/v2\/posts\/165871\/revisions"}],"predecessor-version":[{"id":165873,"href":"https:\/\/www.fuldaernachrichten.de\/index.php?rest_route=\/wp\/v2\/posts\/165871\/revisions\/165873"}],"wp:featuredmedia":[{"embeddable":true,"href":"https:\/\/www.fuldaernachrichten.de\/index.php?rest_route=\/wp\/v2\/media\/165872"}],"wp:attachment":[{"href":"https:\/\/www.fuldaernachrichten.de\/index.php?rest_route=%2Fwp%2Fv2%2Fmedia&parent=165871"}],"wp:term":[{"taxonomy":"category","embeddable":true,"href":"https:\/\/www.fuldaernachrichten.de\/index.php?rest_route=%2Fwp%2Fv2%2Fcategories&post=165871"},{"taxonomy":"post_tag","embeddable":true,"href":"https:\/\/www.fuldaernachrichten.de\/index.php?rest_route=%2Fwp%2Fv2%2Ftags&post=165871"}],"curies":[{"name":"wp","href":"https:\/\/api.w.org\/{rel}","templated":true}]}}