{"id":165870,"date":"2017-08-01T06:26:11","date_gmt":"2017-08-01T04:26:11","guid":{"rendered":"http:\/\/www.fuldaer-nachrichten.de\/?p=165870"},"modified":"2017-08-01T06:26:11","modified_gmt":"2017-08-01T04:26:11","slug":"wanderausstellung-gott-liebt-die-fremden-biblische-herausforderungen-zum-umgang-mit-fremden-ab-13-august-in-der-stadtpfarrkirche-zu-fulda","status":"publish","type":"post","link":"https:\/\/www.fuldaernachrichten.de\/?p=165870","title":{"rendered":"Wanderausstellung \u201eGott liebt die Fremden \u2013 Biblische Herausforderungen zum Umgang mit Fremden&#8221; ab 13. August in der Stadtpfarrkirche zu Fulda"},"content":{"rendered":"<p>Vom 13. bis zum  28. August findet in der Stadtpfarrkirche in Fuldas Innenstadt die Ausstelllung \u201eGott liebt die Fremden\u201c statt. In einer Kooperation zwischen der Caritas und dem KONTAKTpunkt der Innenstadtpfarrei in Fulda werden zwei Wochen lang t\u00e4glich von 9.00 bis 18.00 Uhr zw\u00f6lf Ausstellungstafeln gezeigt, welche  die verschiedenen Aspekte von Flucht und Vertreibung im biblischen Kontext darstellen. Der Eintritt ist frei.<br \/>\nAm Sonntag, dem 13. August, um 11.00 Uhr wird die Wanderausstellung durch  Pfarrer Dr. Michel Mvomo, in Vertretung von Stadtpfarrer Stefan Bu\u00df, und Diakon Franz J. Meyer, Ressortleiter Soziale Dienste des Caritasverbandes f\u00fcr die Di\u00f6zese Fulda, offiziell er\u00f6ffnet. W\u00e4hrend der gesamten zwei Wochen wird zudem ein begleitendes Programm zur Ausstellung angeboten. So findet etwa am 15. August um 20.00 Uhr im Pfarrzentrum am Dom ein Workshop \u201eFremd weil Unbekannt\u201c statt, dieses Angebot wird am 23. August ein zweites Mal in der Altentagesst\u00e4tte der Caritas durchgef\u00fchrt. Desweiteren l\u00e4dt der KONTAKTpunkt der Innenstadtpfarrei zweimal mit einem \u201eSpezial\u201c ein und ist auch auf dem Pfarrfest der Innenstadtpfarrei am Borgias Platz am 20. August ab 11.00 Uhr vertreten. <\/p>\n<p>Die begleitenden Veranstaltungen zur Ausstellung werden von Yvonne Hartmann,  Ehrenamtskoordinatorin Fl\u00fcchtlingshilfe bei der Caritas im Bistum Fulda, sowie dem Team von KONTAKTpunkt der Innenstadtpfarrei Fulda umgesetzt. N\u00e4here Informationen zur Ausstellung und die Aufstellung aller begleitenden Veranstaltungen erhalten Interessierte \u00fcber Monika Moser (info@stadtpfarrei-fulda.de) oder Yvonne Hartmann (yvonne.hartmann@caritas-fulda.de). Au\u00dferdem liegen im Ausstellungsraum Stadtpfarrkirche und an anderen \u00f6ffentlichen Stellen Infobl\u00e4tter zum Begleitprogramm aus.  <\/p>\n","protected":false},"excerpt":{"rendered":"<div class=\"tmnf_excerpt\"><p>Vom 13. bis zum 28. August findet in der Stadtpfarrkirche in Fuldas Innenstadt die Ausstelllung \u201eGott liebt die Fremden\u201c statt. In einer Kooperation zwischen der Caritas und dem KONTAKTpunkt der Innenstadtpfarrei in Fulda werden zwei Wochen lang t\u00e4glich von 9.00 bis 18.00 Uhr zw\u00f6lf Ausstellungstafeln gezeigt, welche die verschiedenen Aspekte von Flucht und Vertreibung im &hellip;<\/p>\n<\/div>","protected":false},"author":1,"featured_media":165877,"comment_status":"closed","ping_status":"closed","sticky":false,"template":"","format":"standard","meta":{"footnotes":""},"categories":[1],"tags":[],"class_list":["post-165870","post","type-post","status-publish","format-standard","has-post-thumbnail","hentry","category-startseite"],"_links":{"self":[{"href":"https:\/\/www.fuldaernachrichten.de\/index.php?rest_route=\/wp\/v2\/posts\/165870","targetHints":{"allow":["GET"]}}],"collection":[{"href":"https:\/\/www.fuldaernachrichten.de\/index.php?rest_route=\/wp\/v2\/posts"}],"about":[{"href":"https:\/\/www.fuldaernachrichten.de\/index.php?rest_route=\/wp\/v2\/types\/post"}],"author":[{"embeddable":true,"href":"https:\/\/www.fuldaernachrichten.de\/index.php?rest_route=\/wp\/v2\/users\/1"}],"replies":[{"embeddable":true,"href":"https:\/\/www.fuldaernachrichten.de\/index.php?rest_route=%2Fwp%2Fv2%2Fcomments&post=165870"}],"version-history":[{"count":1,"href":"https:\/\/www.fuldaernachrichten.de\/index.php?rest_route=\/wp\/v2\/posts\/165870\/revisions"}],"predecessor-version":[{"id":165878,"href":"https:\/\/www.fuldaernachrichten.de\/index.php?rest_route=\/wp\/v2\/posts\/165870\/revisions\/165878"}],"wp:featuredmedia":[{"embeddable":true,"href":"https:\/\/www.fuldaernachrichten.de\/index.php?rest_route=\/wp\/v2\/media\/165877"}],"wp:attachment":[{"href":"https:\/\/www.fuldaernachrichten.de\/index.php?rest_route=%2Fwp%2Fv2%2Fmedia&parent=165870"}],"wp:term":[{"taxonomy":"category","embeddable":true,"href":"https:\/\/www.fuldaernachrichten.de\/index.php?rest_route=%2Fwp%2Fv2%2Fcategories&post=165870"},{"taxonomy":"post_tag","embeddable":true,"href":"https:\/\/www.fuldaernachrichten.de\/index.php?rest_route=%2Fwp%2Fv2%2Ftags&post=165870"}],"curies":[{"name":"wp","href":"https:\/\/api.w.org\/{rel}","templated":true}]}}