{"id":165777,"date":"2017-07-25T00:05:13","date_gmt":"2017-07-24T22:05:13","guid":{"rendered":"http:\/\/www.fuldaer-nachrichten.de\/?p=165777"},"modified":"2017-07-24T23:25:27","modified_gmt":"2017-07-24T21:25:27","slug":"papierschoepfen-ein-uraltes-handwerk","status":"publish","type":"post","link":"https:\/\/www.fuldaernachrichten.de\/?p=165777","title":{"rendered":"Papiersch\u00f6pfen \u2013 ein uraltes Handwerk"},"content":{"rendered":"<p>In einem Tagesseminar der Volkshochschule des Landkreises Fulda erlernen die Teilnehmer die Grundtechnik des Papiersch\u00f6pfens und erproben selbst die Gestaltungsvielfalt und die nahezu unersch\u00f6pflichen Ausdrucksm\u00f6glichkeiten dieses uralten Handwerks. Beginn ist am Mittwoch, 16. August, um 10 Uhr in der Kunststation Kleinsassen. Infos und Anmeldung bis 7. August mit Kursnummer VO2061431 bei der VHS des Landkreises unter www.vhs-fulda.de oder telefonisch im B\u00fcrgerservice (0661)6006-1600. <\/p>\n","protected":false},"excerpt":{"rendered":"<div class=\"tmnf_excerpt\"><p>In einem Tagesseminar der Volkshochschule des Landkreises Fulda erlernen die Teilnehmer die Grundtechnik des Papiersch\u00f6pfens und erproben selbst die Gestaltungsvielfalt und die nahezu unersch\u00f6pflichen Ausdrucksm\u00f6glichkeiten dieses uralten Handwerks. Beginn ist am Mittwoch, 16. August, um 10 Uhr in der Kunststation Kleinsassen. Infos und Anmeldung bis 7. August mit Kursnummer VO2061431 bei der VHS des Landkreises &hellip;<\/p>\n<\/div>","protected":false},"author":1,"featured_media":0,"comment_status":"closed","ping_status":"closed","sticky":false,"template":"","format":"standard","meta":{"footnotes":""},"categories":[1],"tags":[],"class_list":["post-165777","post","type-post","status-publish","format-standard","hentry","category-startseite"],"_links":{"self":[{"href":"https:\/\/www.fuldaernachrichten.de\/index.php?rest_route=\/wp\/v2\/posts\/165777","targetHints":{"allow":["GET"]}}],"collection":[{"href":"https:\/\/www.fuldaernachrichten.de\/index.php?rest_route=\/wp\/v2\/posts"}],"about":[{"href":"https:\/\/www.fuldaernachrichten.de\/index.php?rest_route=\/wp\/v2\/types\/post"}],"author":[{"embeddable":true,"href":"https:\/\/www.fuldaernachrichten.de\/index.php?rest_route=\/wp\/v2\/users\/1"}],"replies":[{"embeddable":true,"href":"https:\/\/www.fuldaernachrichten.de\/index.php?rest_route=%2Fwp%2Fv2%2Fcomments&post=165777"}],"version-history":[{"count":1,"href":"https:\/\/www.fuldaernachrichten.de\/index.php?rest_route=\/wp\/v2\/posts\/165777\/revisions"}],"predecessor-version":[{"id":165778,"href":"https:\/\/www.fuldaernachrichten.de\/index.php?rest_route=\/wp\/v2\/posts\/165777\/revisions\/165778"}],"wp:attachment":[{"href":"https:\/\/www.fuldaernachrichten.de\/index.php?rest_route=%2Fwp%2Fv2%2Fmedia&parent=165777"}],"wp:term":[{"taxonomy":"category","embeddable":true,"href":"https:\/\/www.fuldaernachrichten.de\/index.php?rest_route=%2Fwp%2Fv2%2Fcategories&post=165777"},{"taxonomy":"post_tag","embeddable":true,"href":"https:\/\/www.fuldaernachrichten.de\/index.php?rest_route=%2Fwp%2Fv2%2Ftags&post=165777"}],"curies":[{"name":"wp","href":"https:\/\/api.w.org\/{rel}","templated":true}]}}