{"id":165772,"date":"2017-07-25T00:03:04","date_gmt":"2017-07-24T22:03:04","guid":{"rendered":"http:\/\/www.fuldaer-nachrichten.de\/?p=165772"},"modified":"2017-07-24T23:24:39","modified_gmt":"2017-07-24T21:24:39","slug":"neue-selbsthilfegruppe-fuer-menschen-mit-weissfleckenkrankheit-in-fulda-gegruendet","status":"publish","type":"post","link":"https:\/\/www.fuldaernachrichten.de\/?p=165772","title":{"rendered":"Neue Selbsthilfegruppe f\u00fcr Menschen mit \u201eWei\u00dffleckenkrankheit\u201c \u2013 in Fulda gegr\u00fcndet"},"content":{"rendered":"<p>Auftaktveranstaltung und Neugr\u00fcndung der<br \/>\nSHG \u201eVitiligo \u2013 GEMEINSAM zusammenSEIN\u201c \u2013 Fulda am 19.07.2017 mit der Gr\u00fcnderin Frau Corinna Thieme und Frau Kircher vom Selbsthilfeb\u00fcro Osthessen<\/p>\n<p>Im Selbsthilfeb\u00fcro Osthessen Fulda trafen sich nun erstmals Betroffene und Angeh\u00f6rige zur Gr\u00fcndung der neuen Selbsthilfegruppe, zu der der 1. Vorsitzende des Deutschen Vitiligo-Bundes e.V. Georg Pliszewski extra aus Bayern angereist war. Nach einer kurzen Vorstellungsrunde berichtet G. Pliszewski \u00fcber die Arbeit des Vitiligo &#8211; Bundes und bringt interessante Informationen wie: Therapieans\u00e4tze, Kranheitsverlauf und Auspr\u00e4gung und die Wichtigkeit von Selbsthilfegruppen -auch aus medizinischer Sicht- ein. Abschlie\u00dfend bedankt sich die Gruppengr\u00fcnderin Corinna Thieme bei den Teilnehmer_innen und Interessierten: \u201eIch freue mich auf unsere gemeinsame Reise und eine bereichernde Gruppenentwicklung, die in Fulda etwas bewirken kann\u201c. Betroffene und Angeh\u00f6rige sind in der SHG \u201eVitiligo \u2013 GEMEINSAM zusammenSEIN\u201c \u2013 Fulda herzlich willkommen. <\/p>\n<p>Sch\u00e4tzungen zufolge leiden rund eine Millionen Menschen in Deutschland an Vitiligo\/ Wei\u00dffleckenkrankheit. Alle Hauttypen und Altersgruppen k\u00f6nnen betroffen sein \u2013 besonders h\u00e4ufig tritt diese Krankheit zwischen dem zehnten und drei\u00dfigsten Lebensjahr zum ersten Mal auf. Vitiligo macht sich mit hellen, pigmentarmen oder pigmentfreien, unregelm\u00e4\u00dfig geformten Hautflecken bemerkbar. Sie k\u00f6nnen sich prinzipiell an jeder K\u00f6rperstelle bilden. H\u00e4ufig beginnt die Krankheit im Gesicht, an H\u00e4nden, F\u00fc\u00dfen und Armen. Vitiligo ist nicht heilbar und \u00c2\u00a0auch nicht ansteckend. <\/p>\n<p>Viele Betroffene haben immer noch mit Vorurteilen in ihrer Umgebung zu k\u00e4mpfen und leiden unter den sichtbaren Zeichen und die dadurch oft stattfindende Ausgrenzung. Die psychische Belastung f\u00fchrt in einigen F\u00e4llen sogar zum Suicid.<\/p>\n<p>Als Autoimmunerkrankungen geht Vitiligo relativ h\u00e4ufig Diabetes Typ I, Nahrungsmittelunvertr\u00e4glichkeiten und Allergien einher.<br \/>\nWeitere Informationen unter vitiligo.fulda@gmail.com oder Corinna Thieme Telefon: 0661 29197866 und beim Selbsthilfeb\u00fcro Osthessen<\/p>\n","protected":false},"excerpt":{"rendered":"<div class=\"tmnf_excerpt\"><p>Auftaktveranstaltung und Neugr\u00fcndung der SHG \u201eVitiligo \u2013 GEMEINSAM zusammenSEIN\u201c \u2013 Fulda am 19.07.2017 mit der Gr\u00fcnderin Frau Corinna Thieme und Frau Kircher vom Selbsthilfeb\u00fcro Osthessen Im Selbsthilfeb\u00fcro Osthessen Fulda trafen sich nun erstmals Betroffene und Angeh\u00f6rige zur Gr\u00fcndung der neuen Selbsthilfegruppe, zu der der 1. Vorsitzende des Deutschen Vitiligo-Bundes e.V. Georg Pliszewski extra aus Bayern &hellip;<\/p>\n<\/div>","protected":false},"author":1,"featured_media":165773,"comment_status":"closed","ping_status":"closed","sticky":false,"template":"","format":"standard","meta":{"footnotes":""},"categories":[1],"tags":[],"class_list":["post-165772","post","type-post","status-publish","format-standard","has-post-thumbnail","hentry","category-startseite"],"_links":{"self":[{"href":"https:\/\/www.fuldaernachrichten.de\/index.php?rest_route=\/wp\/v2\/posts\/165772","targetHints":{"allow":["GET"]}}],"collection":[{"href":"https:\/\/www.fuldaernachrichten.de\/index.php?rest_route=\/wp\/v2\/posts"}],"about":[{"href":"https:\/\/www.fuldaernachrichten.de\/index.php?rest_route=\/wp\/v2\/types\/post"}],"author":[{"embeddable":true,"href":"https:\/\/www.fuldaernachrichten.de\/index.php?rest_route=\/wp\/v2\/users\/1"}],"replies":[{"embeddable":true,"href":"https:\/\/www.fuldaernachrichten.de\/index.php?rest_route=%2Fwp%2Fv2%2Fcomments&post=165772"}],"version-history":[{"count":1,"href":"https:\/\/www.fuldaernachrichten.de\/index.php?rest_route=\/wp\/v2\/posts\/165772\/revisions"}],"predecessor-version":[{"id":165774,"href":"https:\/\/www.fuldaernachrichten.de\/index.php?rest_route=\/wp\/v2\/posts\/165772\/revisions\/165774"}],"wp:featuredmedia":[{"embeddable":true,"href":"https:\/\/www.fuldaernachrichten.de\/index.php?rest_route=\/wp\/v2\/media\/165773"}],"wp:attachment":[{"href":"https:\/\/www.fuldaernachrichten.de\/index.php?rest_route=%2Fwp%2Fv2%2Fmedia&parent=165772"}],"wp:term":[{"taxonomy":"category","embeddable":true,"href":"https:\/\/www.fuldaernachrichten.de\/index.php?rest_route=%2Fwp%2Fv2%2Fcategories&post=165772"},{"taxonomy":"post_tag","embeddable":true,"href":"https:\/\/www.fuldaernachrichten.de\/index.php?rest_route=%2Fwp%2Fv2%2Ftags&post=165772"}],"curies":[{"name":"wp","href":"https:\/\/api.w.org\/{rel}","templated":true}]}}