{"id":165770,"date":"2017-07-25T00:02:30","date_gmt":"2017-07-24T22:02:30","guid":{"rendered":"http:\/\/www.fuldaer-nachrichten.de\/?p=165770"},"modified":"2017-07-24T23:23:53","modified_gmt":"2017-07-24T21:23:53","slug":"aktuelles-aus-dem-mietrecht-%e2%80%a8-naechster-infoabend-des-vereins-haus-und-grund-rhoen-e-v-am-7-august-in-poppenhausen","status":"publish","type":"post","link":"https:\/\/www.fuldaernachrichten.de\/?p=165770","title":{"rendered":"Aktuelles aus dem Mietrecht \u00e2\u20ac\u00a8- N\u00e4chster Infoabend des Vereins Haus und Grund Rh\u00f6n e.V. am 7. August in Poppenhausen"},"content":{"rendered":"<p>Wann darf ich als Vermieter die Miete erh\u00f6hen und unter welchen Voraussetzungen? Wie kann ich als Vermieter einen Mietvertrag k\u00fcndigen? Wie muss ich die Kaution des Mieters anlegen? Diesen und vielen weiteren Fragen widmet sich der n\u00e4chste Infoabend des Vereins Haus und Grund Rh\u00f6n e.V., der am Montag dem 7. August, um 18 Uhr im Vereinsraum des Rathauses der Gemeinde Poppenhausen, Von-Steinr\u00fcck-Platz 1, stattfindet. Rechtsanw\u00e4ltin Dr. Sylke Wagner-Burkard und Steuerberater Marco Rausch werden \u00fcber die aktuellen Themen aus dem Mietrecht referieren. <\/p>\n<p>Der Informationsabend richtet sich an Vereinsmitglieder sowie an einer Mitgliedschaft interessierte Haus- und Grundeigent\u00fcmer. Da die Anzahl der Pl\u00e4tze begrenzt ist, wird um telefonische Anmeldung unter Telefon: 06658- 9187185 oder per Anmeldeformular auf der Website des Vereins www.hug-rhoen.de gebeten.<br \/>\n\u00e2\u20ac\u00a8Hintergrund: Der Verein Haus und Grund hat bundesweit etwa eine Million Mitglieder und ist in knapp 1.000 Ortsvereinen organisiert; er versteht sich als Pendant zum Mieterschutzverein. Der Ortsverein Haus und Grund Rh\u00f6n bietet Rechts- und Steuerberatung, regelm\u00e4\u00dfige Vortr\u00e4ge und Informationsveranstaltungen sowie ein umfassendes Wissens-Netzwerk \u2013 alles unter dem Leitmotiv &#8220;Freude am Eigentum muss erhalten bleiben&#8221;.<\/p>\n","protected":false},"excerpt":{"rendered":"<div class=\"tmnf_excerpt\"><p>Wann darf ich als Vermieter die Miete erh\u00f6hen und unter welchen Voraussetzungen? Wie kann ich als Vermieter einen Mietvertrag k\u00fcndigen? Wie muss ich die Kaution des Mieters anlegen? Diesen und vielen weiteren Fragen widmet sich der n\u00e4chste Infoabend des Vereins Haus und Grund Rh\u00f6n e.V., der am Montag dem 7. August, um 18 Uhr im &hellip;<\/p>\n<\/div>","protected":false},"author":1,"featured_media":0,"comment_status":"closed","ping_status":"closed","sticky":false,"template":"","format":"standard","meta":{"footnotes":""},"categories":[1],"tags":[],"class_list":["post-165770","post","type-post","status-publish","format-standard","hentry","category-startseite"],"_links":{"self":[{"href":"https:\/\/www.fuldaernachrichten.de\/index.php?rest_route=\/wp\/v2\/posts\/165770","targetHints":{"allow":["GET"]}}],"collection":[{"href":"https:\/\/www.fuldaernachrichten.de\/index.php?rest_route=\/wp\/v2\/posts"}],"about":[{"href":"https:\/\/www.fuldaernachrichten.de\/index.php?rest_route=\/wp\/v2\/types\/post"}],"author":[{"embeddable":true,"href":"https:\/\/www.fuldaernachrichten.de\/index.php?rest_route=\/wp\/v2\/users\/1"}],"replies":[{"embeddable":true,"href":"https:\/\/www.fuldaernachrichten.de\/index.php?rest_route=%2Fwp%2Fv2%2Fcomments&post=165770"}],"version-history":[{"count":1,"href":"https:\/\/www.fuldaernachrichten.de\/index.php?rest_route=\/wp\/v2\/posts\/165770\/revisions"}],"predecessor-version":[{"id":165771,"href":"https:\/\/www.fuldaernachrichten.de\/index.php?rest_route=\/wp\/v2\/posts\/165770\/revisions\/165771"}],"wp:attachment":[{"href":"https:\/\/www.fuldaernachrichten.de\/index.php?rest_route=%2Fwp%2Fv2%2Fmedia&parent=165770"}],"wp:term":[{"taxonomy":"category","embeddable":true,"href":"https:\/\/www.fuldaernachrichten.de\/index.php?rest_route=%2Fwp%2Fv2%2Fcategories&post=165770"},{"taxonomy":"post_tag","embeddable":true,"href":"https:\/\/www.fuldaernachrichten.de\/index.php?rest_route=%2Fwp%2Fv2%2Ftags&post=165770"}],"curies":[{"name":"wp","href":"https:\/\/api.w.org\/{rel}","templated":true}]}}