{"id":165762,"date":"2017-07-24T11:26:48","date_gmt":"2017-07-24T09:26:48","guid":{"rendered":"http:\/\/www.fuldaer-nachrichten.de\/?p=165762"},"modified":"2017-07-24T11:26:48","modified_gmt":"2017-07-24T09:26:48","slug":"sternen-poeten-2017-in-rhoen-und-vogelsberg","status":"publish","type":"post","link":"https:\/\/www.fuldaernachrichten.de\/?p=165762","title":{"rendered":"\u201eSTERNEN-POETEN 2017\u201c in Rh\u00f6n und Vogelsberg"},"content":{"rendered":"<p>Poesie-Freunde k\u00f6nnen sich freuen. Die \u201eN\u00e4chte der Poesie\u201c finden nach drei Jahren Pause endlich eine Fortsetzung. Das Ganze unter neuem Namen und mit anderen Schauspielern. Die \u201eSTERNEN-POTEN\u201c, Poesie zur Nacht, ist eine neue, in Deutschland wohl einzigartige Literatur &#8211; Open \u2013 Air \u2013 Veranstaltungsreihe, die vom 12. August bis 10. September 2017 im Biosph\u00e4renreservat Rh\u00f6n (Franken und Hessen), im Vogelsberg und im Labyrinth am Mainradweg (bei Schweinfurt)  stattfindet. Es gibt sechs Veranstaltungen. Los geht\u00c2\u00b4s in Bad Salzschlirf.<\/p>\n<p>Der Eintritt dazu ist frei ! Bei einigen Veranstaltungen wird um eine Spende gebeten. Die Veranstaltungen finden bei jeder Wetterlage statt. Das Poetische Erz\u00e4hltheater richtet sich an Jugendliche und Erwachsene. Die Besucher erwartet ein Abend voller Poesie und Natureindr\u00fccken. Die  Schauspieler Peter Hub und Christine Hadulla bringen unter dem Sternenzelt Gedichte und lyrische Texte. Man liegt im Schlafsack und genie\u00dft den warmen Sommerabend. Peter Hub hat etwas Spitzb\u00fcbisches, Schelmisches an sich, er geht auf die Leute zu. Christine Hadulla ist eher zur\u00fcckhaltend. Sie erg\u00e4nzen sich ganz wunderbar.<\/p>\n<p>Beide traten 2015 und 2016 mit einer \u201eNacht der Poesie\u201c auf der Trimburg auf und begeisterten ebenso wie in diesem Jahr in Bad Br\u00fcckenau ihr Publikum. Doch anders als auf der Theaterb\u00fchne, vertrauen Sie dabei lediglich auf ihre wundervollen Stimmen. Vermischt mit den Eindr\u00fccken der Umgebung, dem Wind, der untergehenden Sonne und dem aufziehenden Sternenhimmel, kehrt  Harmonie und Stille ein. Konturen schwinden und man wird eins mit der Natur und den Worten gro\u00dfer Dichter.<\/p>\n<p>Mit etwas Gl\u00fcck wird man im August so manche Sternschnuppe bewundern k\u00f6nnen. Es ist die Zeit der Perseiden. Wir folgen Peter Hub und Christine Hadulla auf eine \u201eReise in die Nacht\u201c. Sch\u00f6ne Worte und Gedanken, wohltuend f\u00fcr alle Sinne. Eine Anregung zum Nachdenken und Entspannen. Einfach mal die Seele baumeln lassen. Ein Highlight ist nat\u00fcrlich die Veranstaltung auf dem Kaliberg Neuhof am 25. August. Die Sicht auf die Rh\u00f6n ist faszinierend.<\/p>\n<p>Die Veranstaltung in Bad Salzschlirf am 12. August dauert von 20.30 \u2013 23.30 Uhr. Im  Vorprogramm spielen von 20.30 \u2013 22 Uhr die beiden Bad Salzschlirferinnen Sophie Oppermann auf der Harfe und Sandra Erb mit Gesang. Anschlie\u00dfend ab 22 Uhr folgt Poesie. Am Schulzenberg erinnern wir am 19. August ab 20 \u2013 24 Uhr an die \u201eN\u00e4chte der Poesie\u201c von Rudolf H. Herget, die vor genau 20 Jahren begannen. Hier stellen Hadulla und Hub 20 min. ihres neuen Programms vor.<\/p>\n<p>Zu jeder Poesie &#8211; Veranstaltung sollte man sich Verpflegung, Schlafsack, Isomatte, evtl. Campingstuhl, Plane, wetterfeste Kleidung, festes Schuhwerk, Teelichte und eine Taschenlampe mitbringen. Eine Bestuhlung ist nicht vorhanden, Bewirtung auch nicht.<\/p>\n<p>Hier die genauen Termine:<\/p>\n<p>Samstag, 12. August 2017, Kurpark Bad Salzschlirf, 22 &#8211; 23.30 Uhr (ab 20.30 \u2013 22 Uhr Musik und Gesang, dann ab 22 Uhr Poesie)<\/p>\n<p>Montag, 14. August 2017, Burgruine Trimburg (bei Hammelburg), 20 \u2013 22 Uhr<\/p>\n<p>Samstag, 19. August 2017, Schulzenberg \u2013 Fulda Haimbach (Erinnerung an Rudolf H. Herget), 20 \u2013 24 Uhr<\/p>\n<p>Freitag, 25. August 2017, Monte Kali Neuhof,  18.45 \u2013 19.45 Uhr<br \/>\n(Achtung:: Einlass am Tor 2 nur von 17.45 \u2013 18.30 Uhr \/ Fu\u00dfweg ca. 30 &#8211; 45 min.)<\/p>\n<p>Sonntag, 27. August 2017, Burgruine Wartenberg &#8211; Angersbach, 20 \u2013 21.30 Uhr<\/p>\n<p>Sonntag, 10. September 2017, Labyrinth am Mainradweg (bei Bergrheinfeld), 19 \u2013 20.20<\/p>\n","protected":false},"excerpt":{"rendered":"<div class=\"tmnf_excerpt\"><p>Poesie-Freunde k\u00f6nnen sich freuen. Die \u201eN\u00e4chte der Poesie\u201c finden nach drei Jahren Pause endlich eine Fortsetzung. Das Ganze unter neuem Namen und mit anderen Schauspielern. Die \u201eSTERNEN-POTEN\u201c, Poesie zur Nacht, ist eine neue, in Deutschland wohl einzigartige Literatur &#8211; Open \u2013 Air \u2013 Veranstaltungsreihe, die vom 12. August bis 10. September 2017 im Biosph\u00e4renreservat Rh\u00f6n &hellip;<\/p>\n<\/div>","protected":false},"author":1,"featured_media":165763,"comment_status":"closed","ping_status":"closed","sticky":false,"template":"","format":"standard","meta":{"footnotes":""},"categories":[1],"tags":[],"class_list":["post-165762","post","type-post","status-publish","format-standard","has-post-thumbnail","hentry","category-startseite"],"_links":{"self":[{"href":"https:\/\/www.fuldaernachrichten.de\/index.php?rest_route=\/wp\/v2\/posts\/165762","targetHints":{"allow":["GET"]}}],"collection":[{"href":"https:\/\/www.fuldaernachrichten.de\/index.php?rest_route=\/wp\/v2\/posts"}],"about":[{"href":"https:\/\/www.fuldaernachrichten.de\/index.php?rest_route=\/wp\/v2\/types\/post"}],"author":[{"embeddable":true,"href":"https:\/\/www.fuldaernachrichten.de\/index.php?rest_route=\/wp\/v2\/users\/1"}],"replies":[{"embeddable":true,"href":"https:\/\/www.fuldaernachrichten.de\/index.php?rest_route=%2Fwp%2Fv2%2Fcomments&post=165762"}],"version-history":[{"count":1,"href":"https:\/\/www.fuldaernachrichten.de\/index.php?rest_route=\/wp\/v2\/posts\/165762\/revisions"}],"predecessor-version":[{"id":165764,"href":"https:\/\/www.fuldaernachrichten.de\/index.php?rest_route=\/wp\/v2\/posts\/165762\/revisions\/165764"}],"wp:featuredmedia":[{"embeddable":true,"href":"https:\/\/www.fuldaernachrichten.de\/index.php?rest_route=\/wp\/v2\/media\/165763"}],"wp:attachment":[{"href":"https:\/\/www.fuldaernachrichten.de\/index.php?rest_route=%2Fwp%2Fv2%2Fmedia&parent=165762"}],"wp:term":[{"taxonomy":"category","embeddable":true,"href":"https:\/\/www.fuldaernachrichten.de\/index.php?rest_route=%2Fwp%2Fv2%2Fcategories&post=165762"},{"taxonomy":"post_tag","embeddable":true,"href":"https:\/\/www.fuldaernachrichten.de\/index.php?rest_route=%2Fwp%2Fv2%2Ftags&post=165762"}],"curies":[{"name":"wp","href":"https:\/\/api.w.org\/{rel}","templated":true}]}}