{"id":165758,"date":"2017-07-24T11:25:08","date_gmt":"2017-07-24T09:25:08","guid":{"rendered":"http:\/\/www.fuldaer-nachrichten.de\/?p=165758"},"modified":"2017-07-24T11:25:08","modified_gmt":"2017-07-24T09:25:08","slug":"umbau-der-jugendhilfe-schreitet-voran-jugendamt-mit-freien-jugendhilfetraegern-in-klausur","status":"publish","type":"post","link":"https:\/\/www.fuldaernachrichten.de\/?p=165758","title":{"rendered":"Umbau der Jugendhilfe schreitet voran &#8211; Jugendamt mit freien Jugendhilfetr\u00e4gern in Klausur"},"content":{"rendered":"<p>Seit 2014 l\u00e4uft der Umbau in der Jugendhilfe hin zu mehr Sozialraumorientierung und zu intensiverer Zusammenarbeit von Jugendamt und freien Hilfetr\u00e4gern. Was wurde bisher erreicht? Gibt es Stolpersteine? Wo stehen wir?  Wie kooperieren wir miteinander, und was fehlt uns noch?<br \/>\nZu diesen Fragen trafen sich rund 50 Fachleute aus der Jugendhilfe zur diesj\u00e4hrigen gemeinsamen Klausurtagung. \u201eUnsere gewachsene vertrauensvolle Zusammenarbeit und die stetige Entwicklung einer gemeinsamen Haltung sind wichtig f\u00fcr den Prozess der sozialr\u00e4umlichen Umgestaltung der Jugendhilfe im Vogelsbergkreis.\u201c Mit diesen Worten begr\u00fc\u00dfte Erster Kreisbeigeordneter und Jugenddezernent Dr. Jens Mischak die Teilnehmerinnen und Teilnehmer.<\/p>\n<p>Die Sozialraumorientierung will konsequent und strukturiert Ressourcen aus dem unmittelbaren pers\u00f6nlichen sozialen, regionalen und kulturellen Umfeld von Rat- und Hilfesuchenden mit einbeziehen. Diese Vorgehensweise steht im Gegensatz zu der fr\u00fcheren klassischen Einzelfallhilfe, die sich entlang der Leistungsparagrafen der Kinder- und Jugendhilfe orientierte. Der Moderatorin des Workshops Silvia Vater (Link &#038; Boucetta GmbH) gelang es sehr schnell, die Themenschwerpunkte in variantenreichen Techniken bearbeiten zu lassen, so dass eine F\u00fclle von Arbeitsergebnissen pr\u00e4sentiert werden konnte.<\/p>\n<p>Eines der Arbeitsergebnisse der Klausurtagung war, dass sich die Akteure in den Bereichen Jugendarbeit\/Jugendbildung und der Jugendhilfe zuk\u00fcnftig st\u00e4rker vernetzen werden. Dabei soll der Blick \u00fcber den Einzelfall hinaus gehen und verst\u00e4rkt fall\u00fcbergreifende und fallunspezifische (Gruppen-)Angebote geschaffen oder genutzt werden. An Dr. Mischak wurden von den Teilnehmern der Klausur W\u00fcnsche und Erwartungen f\u00fcr die weitere politische Unterst\u00fctzung bei der Umsetzung der Konzeption herangetragen.<\/p>\n<p>Die Klausurtagung erarbeitete aber nicht nur n\u00e4chste Arbeitschritte bei der Umsetzung der Konzeption, sondern sie zielt auch darauf ab, sich Zeit zu nehmen, um reflektiert auf das zur\u00fcckliegende Jahr und die Ver\u00e4nderungen in der Sozialraumorientierten Jugendhilfe zur\u00fcckzuschauen. Von Seiten des Jugendamtes wird der Prozess der Umsetzung durch den Jugendhilfeplaner Christian Kornmann gesteuert, dessen Stelle vom Vogelsberkreis im vergangenen Jahr f\u00fcr diese Aufgabe erweitert wurde. F\u00fcr das Eingangsmanagement im Allgemeinen Sozialen Dienst und f\u00fcr die gemeinsame Fallberatung wurden vier Sozialraumteams gegr\u00fcndet. Dort sitzen Mitarbeiter des Jugendamtes und der freien Tr\u00e4ger f\u00fcr eine gemeinsame Fallberatung und\/oder Projektarbeit beratend an einem Tisch.<\/p>\n<p>Dabei gilt es, den effizienten Einsatz von Hilfen zur Selbsthilfe im Einzelfall zu planen und auch in belasteten Situationen bedarfsgerechte Angebote unter Einbeziehung der Ressourcen vor Ort in der Jugendhilfe zu schaffen. Dies soll langfristig zu mehr familienfreundlichen Lebensbedingungen f\u00fcr Familien im Vogelsbergkreis f\u00fchren. Gerade im vergangenen Jahr haben \u00f6ffentlicher und freie Tr\u00e4ger den Ver\u00e4nderungsprozess massiv voran getrieben und das Angebot der \u201eHilfen unter einem Dach\u201c (HueD) in Alsfeld (Kinderhaus Panama, Familienhaus von Oikos) und Schotten (Fajuso) an den Start gebracht. Weitere Standorte in Lauterbach (Haus am Kirschberg, Vogelsberger Lebensr\u00e4ume) und M\u00fccke (Jugendhilfe Feldatal) werden im n\u00e4chsten Jahr folgen. Diese Ver\u00e4nderungen werden im Vogelsbergkreis zahlreiche neue Arbeitspl\u00e4tze schaffen.<\/p>\n","protected":false},"excerpt":{"rendered":"<div class=\"tmnf_excerpt\"><p>Seit 2014 l\u00e4uft der Umbau in der Jugendhilfe hin zu mehr Sozialraumorientierung und zu intensiverer Zusammenarbeit von Jugendamt und freien Hilfetr\u00e4gern. Was wurde bisher erreicht? Gibt es Stolpersteine? Wo stehen wir? Wie kooperieren wir miteinander, und was fehlt uns noch? Zu diesen Fragen trafen sich rund 50 Fachleute aus der Jugendhilfe zur diesj\u00e4hrigen gemeinsamen Klausurtagung. &hellip;<\/p>\n<\/div>","protected":false},"author":1,"featured_media":165760,"comment_status":"closed","ping_status":"closed","sticky":false,"template":"","format":"standard","meta":{"footnotes":""},"categories":[1],"tags":[],"class_list":["post-165758","post","type-post","status-publish","format-standard","has-post-thumbnail","hentry","category-startseite"],"_links":{"self":[{"href":"https:\/\/www.fuldaernachrichten.de\/index.php?rest_route=\/wp\/v2\/posts\/165758","targetHints":{"allow":["GET"]}}],"collection":[{"href":"https:\/\/www.fuldaernachrichten.de\/index.php?rest_route=\/wp\/v2\/posts"}],"about":[{"href":"https:\/\/www.fuldaernachrichten.de\/index.php?rest_route=\/wp\/v2\/types\/post"}],"author":[{"embeddable":true,"href":"https:\/\/www.fuldaernachrichten.de\/index.php?rest_route=\/wp\/v2\/users\/1"}],"replies":[{"embeddable":true,"href":"https:\/\/www.fuldaernachrichten.de\/index.php?rest_route=%2Fwp%2Fv2%2Fcomments&post=165758"}],"version-history":[{"count":1,"href":"https:\/\/www.fuldaernachrichten.de\/index.php?rest_route=\/wp\/v2\/posts\/165758\/revisions"}],"predecessor-version":[{"id":165761,"href":"https:\/\/www.fuldaernachrichten.de\/index.php?rest_route=\/wp\/v2\/posts\/165758\/revisions\/165761"}],"wp:featuredmedia":[{"embeddable":true,"href":"https:\/\/www.fuldaernachrichten.de\/index.php?rest_route=\/wp\/v2\/media\/165760"}],"wp:attachment":[{"href":"https:\/\/www.fuldaernachrichten.de\/index.php?rest_route=%2Fwp%2Fv2%2Fmedia&parent=165758"}],"wp:term":[{"taxonomy":"category","embeddable":true,"href":"https:\/\/www.fuldaernachrichten.de\/index.php?rest_route=%2Fwp%2Fv2%2Fcategories&post=165758"},{"taxonomy":"post_tag","embeddable":true,"href":"https:\/\/www.fuldaernachrichten.de\/index.php?rest_route=%2Fwp%2Fv2%2Ftags&post=165758"}],"curies":[{"name":"wp","href":"https:\/\/api.w.org\/{rel}","templated":true}]}}