{"id":165755,"date":"2017-07-24T09:18:04","date_gmt":"2017-07-24T07:18:04","guid":{"rendered":"http:\/\/www.fuldaer-nachrichten.de\/?p=165755"},"modified":"2017-07-24T09:18:04","modified_gmt":"2017-07-24T07:18:04","slug":"manfred-schubert-seit-25-jahren-schreinermeister","status":"publish","type":"post","link":"https:\/\/www.fuldaernachrichten.de\/?p=165755","title":{"rendered":"Manfred Schubert seit 25 Jahren Schreinermeister"},"content":{"rendered":"<p>Schreinermeister Manfred Schubert (52) aus Fulda-Maberzell konnte jetzt sein 25j\u00e4hriges Meisterjubil\u00e4um feiern. Nach bestandener Gesellenpr\u00fcfung in 1983 und einigen Gesellenjahren besuchte er von 1991 bis 1992 die Meisterschule in Bad Wildungen. F\u00fcr ihn waren das zwei schwierige Jahre. F\u00fcr seine Meisterausbildung opferte er nicht nur seine kompletten Ersparnisse, sondern musste zus\u00e4tzlich noch Meisterbaf\u00f6g in Anspruch nehmen, um seinen Lebensunterhalt zu finanzieren. <\/p>\n<p>2005 wechselte er dann zur Firma Alfred M\u00fcller nach Mittelkalbach, wo gerade ein Meister gesucht wurde. Schubert ist heute f\u00fcr die Betreuung der Baustellen zust\u00e4ndig. M\u00fcller als Anbieter von Fenster und T\u00fcren arbeitet \u00fcberwiegend im Rhein-Main Gebiet. \u201eZu unserer Firmenphilosophie geh\u00f6rt\u201c, so Firmenchef Alfred M\u00fcller, \u201edass wir immer auch einen Meister auf der Baustelle vor Ort haben. Das erm\u00f6glicht schnelle Reaktionen im Falle von Sonderw\u00fcnschen und Problemen und schaffe Vertrauen bei den Bauherren und den Architekten\u201c. Auf Schubert k\u00f6nne er sich zu 100 Prozent verlassen, so M\u00fcller.<br \/>\nSchubert ist zus\u00e4tzlich ehrenamtlich im Gesellenpr\u00fcfungsausschuss der Schreiner-Innung Fulda-H\u00fcnfeld t\u00e4tig. Dr. Herbert B\u00fcttner, stv. Gesch\u00e4ftsf\u00fchrer der Kreishandwerkerschaft Fulda, \u00fcberbrachte die Gl\u00fcckw\u00fcnsche der Innung und \u00fcberreichte Schubert eine Ehrenurkunde.  <\/p>\n","protected":false},"excerpt":{"rendered":"<div class=\"tmnf_excerpt\"><p>Schreinermeister Manfred Schubert (52) aus Fulda-Maberzell konnte jetzt sein 25j\u00e4hriges Meisterjubil\u00e4um feiern. Nach bestandener Gesellenpr\u00fcfung in 1983 und einigen Gesellenjahren besuchte er von 1991 bis 1992 die Meisterschule in Bad Wildungen. F\u00fcr ihn waren das zwei schwierige Jahre. F\u00fcr seine Meisterausbildung opferte er nicht nur seine kompletten Ersparnisse, sondern musste zus\u00e4tzlich noch Meisterbaf\u00f6g in Anspruch &hellip;<\/p>\n<\/div>","protected":false},"author":1,"featured_media":165756,"comment_status":"closed","ping_status":"closed","sticky":false,"template":"","format":"standard","meta":{"footnotes":""},"categories":[1],"tags":[],"class_list":["post-165755","post","type-post","status-publish","format-standard","has-post-thumbnail","hentry","category-startseite"],"_links":{"self":[{"href":"https:\/\/www.fuldaernachrichten.de\/index.php?rest_route=\/wp\/v2\/posts\/165755","targetHints":{"allow":["GET"]}}],"collection":[{"href":"https:\/\/www.fuldaernachrichten.de\/index.php?rest_route=\/wp\/v2\/posts"}],"about":[{"href":"https:\/\/www.fuldaernachrichten.de\/index.php?rest_route=\/wp\/v2\/types\/post"}],"author":[{"embeddable":true,"href":"https:\/\/www.fuldaernachrichten.de\/index.php?rest_route=\/wp\/v2\/users\/1"}],"replies":[{"embeddable":true,"href":"https:\/\/www.fuldaernachrichten.de\/index.php?rest_route=%2Fwp%2Fv2%2Fcomments&post=165755"}],"version-history":[{"count":1,"href":"https:\/\/www.fuldaernachrichten.de\/index.php?rest_route=\/wp\/v2\/posts\/165755\/revisions"}],"predecessor-version":[{"id":165757,"href":"https:\/\/www.fuldaernachrichten.de\/index.php?rest_route=\/wp\/v2\/posts\/165755\/revisions\/165757"}],"wp:featuredmedia":[{"embeddable":true,"href":"https:\/\/www.fuldaernachrichten.de\/index.php?rest_route=\/wp\/v2\/media\/165756"}],"wp:attachment":[{"href":"https:\/\/www.fuldaernachrichten.de\/index.php?rest_route=%2Fwp%2Fv2%2Fmedia&parent=165755"}],"wp:term":[{"taxonomy":"category","embeddable":true,"href":"https:\/\/www.fuldaernachrichten.de\/index.php?rest_route=%2Fwp%2Fv2%2Fcategories&post=165755"},{"taxonomy":"post_tag","embeddable":true,"href":"https:\/\/www.fuldaernachrichten.de\/index.php?rest_route=%2Fwp%2Fv2%2Ftags&post=165755"}],"curies":[{"name":"wp","href":"https:\/\/api.w.org\/{rel}","templated":true}]}}