{"id":165746,"date":"2017-07-24T09:06:47","date_gmt":"2017-07-24T07:06:47","guid":{"rendered":"http:\/\/www.fuldaer-nachrichten.de\/?p=165746"},"modified":"2017-07-24T09:06:47","modified_gmt":"2017-07-24T07:06:47","slug":"tag-der-feuerwehr-mit-segnung-des-einsatzleitwagen-und-verkehrssicherungsanhaenger","status":"publish","type":"post","link":"https:\/\/www.fuldaernachrichten.de\/?p=165746","title":{"rendered":"Tag der Feuerwehr mit Segnung des Einsatzleitwagen und Verkehrssicherungsanh\u00e4nger"},"content":{"rendered":"<p>Zum &#8220;Tag der Feuerwehr&#8221; l\u00e4dt die Freiwillige Feuerwehr Flieden am 06. August 2017 von 10-18 Uhr am Feuerwehrgel\u00e4nde Flieden &#8220;Im Weiher&#8221; Gro\u00df und Klein sehr herzlich ein.<\/p>\n<p>Der Festtag beginnt um 10 Uhr mit einem Fru\u00cc\u02c6hschoppen. Gro\u00dfe und kleine Besucher k\u00f6nnen den richtigen Umgang mit einem Feuerl\u00f6scher an einem Feuerl\u00f6sch-Trainer erlernen. Bei der Fahrzeugausstellung k\u00f6nnen alle Einsatzfahrzeuge ganz nah bestaunt werden und wer schon immer mal in einem Feuerwehrauto mitfahren wollte, hat an diesem Tag die M\u00f6glichkeit dazu. Auf der Hu\u00cc\u02c6pfburg k\u00f6nnen kleinen Besucher nach Herzenslust toben.<\/p>\n<p>Zum Mittagessen gibt es Spezialit\u00e4ten vom Grill und als Mittags-Menu\u00cc\u02c6 Rouladen mit Kl\u00f6\u00dfen und Rotkraut.<br \/>\nUm 13:30 Uhr beginnt die \u00f6kumenische Segnung des neuen Einsatzleitwagens und des Verkehrssicherungsanh\u00e4ngers. Die Segnung wird mitgestaltet vom Chor &#8220;VielHarmonie&#8221; und vom Spielmanns- und Fanfarenzug der Feuerwehr Flieden der nochmals im Anschluss gegen 15 Uhr bei einem Platzkonzert aufspielt.<\/p>\n<p>Im \u201eFeuerwehr Cafe 112\u201c werden hausgemachte Torten und Kuchen angeboten.<br \/>\nDie Freiwillige Feuerwehr Flieden e.V. freut sich auf Ihren Besuch und wu\u00cc\u02c6nscht allen Besuchern einen spannenden und unterhaltsamen Tag bei \u201eIhrer Feuerwehr\u201c!<\/p>\n","protected":false},"excerpt":{"rendered":"<div class=\"tmnf_excerpt\"><p>Zum &#8220;Tag der Feuerwehr&#8221; l\u00e4dt die Freiwillige Feuerwehr Flieden am 06. August 2017 von 10-18 Uhr am Feuerwehrgel\u00e4nde Flieden &#8220;Im Weiher&#8221; Gro\u00df und Klein sehr herzlich ein. Der Festtag beginnt um 10 Uhr mit einem Fru\u00cc\u02c6hschoppen. Gro\u00dfe und kleine Besucher k\u00f6nnen den richtigen Umgang mit einem Feuerl\u00f6scher an einem Feuerl\u00f6sch-Trainer erlernen. Bei der Fahrzeugausstellung k\u00f6nnen &hellip;<\/p>\n<\/div>","protected":false},"author":1,"featured_media":165749,"comment_status":"closed","ping_status":"closed","sticky":false,"template":"","format":"standard","meta":{"footnotes":""},"categories":[1],"tags":[],"class_list":["post-165746","post","type-post","status-publish","format-standard","has-post-thumbnail","hentry","category-startseite"],"_links":{"self":[{"href":"https:\/\/www.fuldaernachrichten.de\/index.php?rest_route=\/wp\/v2\/posts\/165746","targetHints":{"allow":["GET"]}}],"collection":[{"href":"https:\/\/www.fuldaernachrichten.de\/index.php?rest_route=\/wp\/v2\/posts"}],"about":[{"href":"https:\/\/www.fuldaernachrichten.de\/index.php?rest_route=\/wp\/v2\/types\/post"}],"author":[{"embeddable":true,"href":"https:\/\/www.fuldaernachrichten.de\/index.php?rest_route=\/wp\/v2\/users\/1"}],"replies":[{"embeddable":true,"href":"https:\/\/www.fuldaernachrichten.de\/index.php?rest_route=%2Fwp%2Fv2%2Fcomments&post=165746"}],"version-history":[{"count":1,"href":"https:\/\/www.fuldaernachrichten.de\/index.php?rest_route=\/wp\/v2\/posts\/165746\/revisions"}],"predecessor-version":[{"id":165750,"href":"https:\/\/www.fuldaernachrichten.de\/index.php?rest_route=\/wp\/v2\/posts\/165746\/revisions\/165750"}],"wp:featuredmedia":[{"embeddable":true,"href":"https:\/\/www.fuldaernachrichten.de\/index.php?rest_route=\/wp\/v2\/media\/165749"}],"wp:attachment":[{"href":"https:\/\/www.fuldaernachrichten.de\/index.php?rest_route=%2Fwp%2Fv2%2Fmedia&parent=165746"}],"wp:term":[{"taxonomy":"category","embeddable":true,"href":"https:\/\/www.fuldaernachrichten.de\/index.php?rest_route=%2Fwp%2Fv2%2Fcategories&post=165746"},{"taxonomy":"post_tag","embeddable":true,"href":"https:\/\/www.fuldaernachrichten.de\/index.php?rest_route=%2Fwp%2Fv2%2Ftags&post=165746"}],"curies":[{"name":"wp","href":"https:\/\/api.w.org\/{rel}","templated":true}]}}