{"id":165726,"date":"2017-07-24T09:03:26","date_gmt":"2017-07-24T07:03:26","guid":{"rendered":"http:\/\/www.fuldaer-nachrichten.de\/?p=165726"},"modified":"2017-07-24T09:03:26","modified_gmt":"2017-07-24T07:03:26","slug":"unterschiedliche-betreuungskonzepte-fuer-kinder-nach-einer-trennung-ihrer-eltern","status":"publish","type":"post","link":"https:\/\/www.fuldaernachrichten.de\/?p=165726","title":{"rendered":"Unterschiedliche Betreuungskonzepte f\u00fcr Kinder nach einer Trennung ihrer Eltern"},"content":{"rendered":"<p>Bisher gab es keine Grundlage, auf der die Familiengerichte gegen den Willen eines Elternteils ein parit\u00e4tisches Wechselmodell h\u00e4tten anordnen k\u00f6nnen. Nachdem nun aber ein Vater Rechtsbeschwerde eingelegt hat, entschied der Bundesgerichtshof jedoch, dass dies zuk\u00fcnftig nicht mehr ausgeschlossen sein soll. <\/p>\n<p>Ein \u201eparit\u00e4tisches Wechselmodell\u201c liegt vor, wenn die Betreuungsleistung ann\u00e4hernd gleich (50:50) aufgeteilt ist. Dies gilt aber auch, wenn die Betreuung um bis zu zehn Prozent vom rechnerischen Mittelwert abweicht. Im Gegensatz dazu spricht man von einem \u201eResidenzmodell\u201c, wenn das Kind seinen \u00fcberwiegenden Lebensmittelpunkt (70:30) bei einem Elternteil und einen (regelm\u00e4\u00dfigen) Umgang mit dem nicht anwesenden Elternteil hat. Eine dritte eher seltene Option, bei der die Kinder \u201ealleine\u201c in der Familienwohnung leben und dort abwechselnd von ihren Eltern betreut werden, nennt man \u201eNestmodell\u201c. Auch hier ist h\u00e4ufig eine Betreuungsverteilung wie bei einem Wechselmodell \u00fcblich.<\/p>\n<p>Keines der Modelle stellt ein gesetzliches Leitbild dar. Es gibt keinerlei Vorgaben, wie Eltern die Betreuung ihrer Kinder aufzuteilen haben. Auch die Frage, wie Eltern bei einem Residenzmodell den Umgang ihres Kindes mit dem nicht anwesenden Elternteil organisieren, bleibt ihnen selbst \u00fcberlassen. Eltern sind in ihren Entscheidungen einzig an das Wohl ihrer Kinder gebunden.<\/p>\n<p>Die Mehrzahl der von Trennung und Scheidung ihrer Eltern betroffenen Kinder lebt in Deutschland in einem Residenzmodell. Diese Kinder haben ihren Lebensmittelpunkt bei einem Elternteil und mit dem anderen, nicht anwesenden Elternteil meist regelm\u00e4\u00dfigen Kontakt. Zunehmend entscheiden sich jedoch Eltern auch f\u00fcr ein parit\u00e4tisches Wechselmodell. Die Initiative dabei geht oft von den V\u00e4tern aus. Es gibt L\u00e4nder, da legt das Recht die parit\u00e4tische Betreuung der Kinder als Regelbetreuungsmodell fest (z. B. Belgien seit 2006). In Staaten wie Schweden, Norwegen und Frankreich ist ein parit\u00e4tisches Wechselmodell verbreitet. F\u00fcr Deutschland kann man Zahlen im mittleren einstelligen Prozentbereich annehmen.<\/p>\n<p>Nach Aussage von Reinhard Baumann, Diplom-Sozialp\u00e4dagoge bei der Beratungsstelle f\u00fcr Eltern, Kinder und Jugendliche des Landkreises Fulda, k\u00f6nne das Wechselmodell gleichsam das beste und das schlechteste Modell f\u00fcr ein Kind sein. Das Betreuungskonzept selbst stehe in keinem Zusammenhang mit dem Wohlbefinden eines Kindes. \u201eNicht die Quantit\u00e4t der Kontakte mit einem Elternteil bestimmt sein Wohlbefinden, sondern die Qualit\u00e4t.\u201c Wenn Eltern ihre Konflikte gut miteinander regulierten, sei das Wechselmodell ein gutes Modell. Stritten die Eltern aber h\u00e4ufiger, k\u00f6nne das f\u00fcr ein Kind problematischer sein als ein Beziehungsabbruch zu einem Elternteil. Kinder im S\u00e4uglingsalter sowie \u00e4ltere Kinder und Jugendliche seien eher durch ein Wechselmodell belastet. Pflichtbewusste Kinder, die in der Lage seien, ihre Aufgaben selbst\u00e4ndig zu regeln, w\u00fcrden jedoch profitieren. <\/p>\n<p>Eltern, die sich trennen, sollten sich nicht von vornherein auf ein Betreuungskonzept festlegen, r\u00e4t Reinhard Baumann. \u201eBesser ist es, l\u00f6sungsoffen miteinander das Gespr\u00e4ch aufzunehmen, ehrlich die Situation der Familie zu analysieren, auszuprobieren und zu sehen, was funktioniert.\u201c Jeder Plan sich entwickeln und d\u00fcrfe ver\u00e4ndert werden. Dabei sei es grunds\u00e4tzlich sinnvoll, die betroffenen Kinder mit zunehmendem Alter mehr an Entscheidungsprozessen zu beteiligen. <\/p>\n","protected":false},"excerpt":{"rendered":"<div class=\"tmnf_excerpt\"><p>Bisher gab es keine Grundlage, auf der die Familiengerichte gegen den Willen eines Elternteils ein parit\u00e4tisches Wechselmodell h\u00e4tten anordnen k\u00f6nnen. Nachdem nun aber ein Vater Rechtsbeschwerde eingelegt hat, entschied der Bundesgerichtshof jedoch, dass dies zuk\u00fcnftig nicht mehr ausgeschlossen sein soll. Ein \u201eparit\u00e4tisches Wechselmodell\u201c liegt vor, wenn die Betreuungsleistung ann\u00e4hernd gleich (50:50) aufgeteilt ist. Dies gilt &hellip;<\/p>\n<\/div>","protected":false},"author":1,"featured_media":165731,"comment_status":"closed","ping_status":"closed","sticky":false,"template":"","format":"standard","meta":{"footnotes":""},"categories":[1],"tags":[],"class_list":["post-165726","post","type-post","status-publish","format-standard","has-post-thumbnail","hentry","category-startseite"],"_links":{"self":[{"href":"https:\/\/www.fuldaernachrichten.de\/index.php?rest_route=\/wp\/v2\/posts\/165726","targetHints":{"allow":["GET"]}}],"collection":[{"href":"https:\/\/www.fuldaernachrichten.de\/index.php?rest_route=\/wp\/v2\/posts"}],"about":[{"href":"https:\/\/www.fuldaernachrichten.de\/index.php?rest_route=\/wp\/v2\/types\/post"}],"author":[{"embeddable":true,"href":"https:\/\/www.fuldaernachrichten.de\/index.php?rest_route=\/wp\/v2\/users\/1"}],"replies":[{"embeddable":true,"href":"https:\/\/www.fuldaernachrichten.de\/index.php?rest_route=%2Fwp%2Fv2%2Fcomments&post=165726"}],"version-history":[{"count":1,"href":"https:\/\/www.fuldaernachrichten.de\/index.php?rest_route=\/wp\/v2\/posts\/165726\/revisions"}],"predecessor-version":[{"id":165732,"href":"https:\/\/www.fuldaernachrichten.de\/index.php?rest_route=\/wp\/v2\/posts\/165726\/revisions\/165732"}],"wp:featuredmedia":[{"embeddable":true,"href":"https:\/\/www.fuldaernachrichten.de\/index.php?rest_route=\/wp\/v2\/media\/165731"}],"wp:attachment":[{"href":"https:\/\/www.fuldaernachrichten.de\/index.php?rest_route=%2Fwp%2Fv2%2Fmedia&parent=165726"}],"wp:term":[{"taxonomy":"category","embeddable":true,"href":"https:\/\/www.fuldaernachrichten.de\/index.php?rest_route=%2Fwp%2Fv2%2Fcategories&post=165726"},{"taxonomy":"post_tag","embeddable":true,"href":"https:\/\/www.fuldaernachrichten.de\/index.php?rest_route=%2Fwp%2Fv2%2Ftags&post=165726"}],"curies":[{"name":"wp","href":"https:\/\/api.w.org\/{rel}","templated":true}]}}