{"id":165721,"date":"2017-07-24T09:01:35","date_gmt":"2017-07-24T07:01:35","guid":{"rendered":"http:\/\/www.fuldaer-nachrichten.de\/?p=165721"},"modified":"2017-07-24T09:01:35","modified_gmt":"2017-07-24T07:01:35","slug":"kirchliche-statistik-fuer-das-bistum-fulda-2016","status":"publish","type":"post","link":"https:\/\/www.fuldaernachrichten.de\/?p=165721","title":{"rendered":"Kirchliche Statistik f\u00fcr das Bistum Fulda 2016"},"content":{"rendered":"<p>Die kirchliche Statistik f\u00fcr das Bistum Fulda zum 31. Dezember 2016 liegt vor. Demnach z\u00e4hlt die Di\u00f6zese 392.951 Katholiken (Vorjahr 394.693). Das sind 1.742 Gl\u00e4ubige weniger als 2015. Im Vergleich von 2014 zu 2015 betrug der R\u00fcckgang allerdings noch 2534 Gl\u00e4ubige. Zu- und Wegzug von Katholiken sind in der Gesamtzahl nicht erfasst. Es gab im vergangenen Jahr 2.516 Taufen (2.568), 78 (96) Wiederaufnahmen und 75 (50) Eintritte sowie 4.067 (4257) Bestattungen und 2.329 (2665) Austritte. Im Vergleich zum Vorjahr traten damit 336 Menschen weniger aus der Kirche aus. 2.673 (2762) Kinder gingen zur Erstkommunion, 2.273 (2459) Jugendliche wurden gefirmt; 711 (716) Paare lie\u00dfen sich trauen. Allerdings waren die Trauungen im Vorjahr mit einem Zuwachs von 26 Eheschlie\u00dfungen \u00fcberdurchschnittlich stark angestiegen. Der Prozentsatz der Gottesdienstbesucher lag bei 13,5 (14,2) und damit wie in den Vorjahren deutlich \u00fcber dem Bundesdurchschnitt von 10,2 Prozent.<\/p>\n<p>Generalvikar Prof. Dr. Gerhard Stanke bedauerte die R\u00fcckg\u00e4nge, die einerseits eine abnehmende Bindung an die katholische Kirche abbildeten, andererseits aber auch demographisch bedingt seien. Unter anderem sei diese seit Jahren ablesbare Entwicklung Grund f\u00fcr die pastorale Neuausrichtung des Bistums unter dem Begriff \u201eBistum 2030\u201c. Zu den Schwerpunkten der Neuausrichtung geh\u00f6re es, gerade auf kirchlich distanzierte Menschen zuzugehen und deren Vertrauen wiederzugewinnen. Denn nach wie vor hat die Kirche die Botschaft von der Liebe Gottes zu verk\u00fcnden, die den Menschen gut tut, so der Generalvikar.<\/p>\n<p>Im Verh\u00e4ltnis zu den bundesweiten Zahlen liegt die Fuldaer Statistik im Trend. Die Deutsche Bischofskonferenz verzeichnet deutschlandweit im Vergleich zum Jahr 2015 leichte R\u00fcckg\u00e4nge bei den Trauungen mit 43.610 (2015: 44.298) und leichte Zuw\u00e4chse bei den Taufen mit 171.531 (2015: 167.226). Es gab im Jahr 2016 in der katholischen Kirche Deutschlands insgesamt 162.093 Austritte, w\u00e4hrend es 2015 noch 181.925 waren. Der bundesweite Prozentsatz der Gottesdienstbesucher lag 2016 bei 10,2 (10,4 im Jahr 2015).<\/p>\n","protected":false},"excerpt":{"rendered":"<div class=\"tmnf_excerpt\"><p>Die kirchliche Statistik f\u00fcr das Bistum Fulda zum 31. Dezember 2016 liegt vor. Demnach z\u00e4hlt die Di\u00f6zese 392.951 Katholiken (Vorjahr 394.693). Das sind 1.742 Gl\u00e4ubige weniger als 2015. Im Vergleich von 2014 zu 2015 betrug der R\u00fcckgang allerdings noch 2534 Gl\u00e4ubige. Zu- und Wegzug von Katholiken sind in der Gesamtzahl nicht erfasst. Es gab im &hellip;<\/p>\n<\/div>","protected":false},"author":1,"featured_media":0,"comment_status":"closed","ping_status":"closed","sticky":false,"template":"","format":"standard","meta":{"footnotes":""},"categories":[1],"tags":[],"class_list":["post-165721","post","type-post","status-publish","format-standard","hentry","category-startseite"],"_links":{"self":[{"href":"https:\/\/www.fuldaernachrichten.de\/index.php?rest_route=\/wp\/v2\/posts\/165721","targetHints":{"allow":["GET"]}}],"collection":[{"href":"https:\/\/www.fuldaernachrichten.de\/index.php?rest_route=\/wp\/v2\/posts"}],"about":[{"href":"https:\/\/www.fuldaernachrichten.de\/index.php?rest_route=\/wp\/v2\/types\/post"}],"author":[{"embeddable":true,"href":"https:\/\/www.fuldaernachrichten.de\/index.php?rest_route=\/wp\/v2\/users\/1"}],"replies":[{"embeddable":true,"href":"https:\/\/www.fuldaernachrichten.de\/index.php?rest_route=%2Fwp%2Fv2%2Fcomments&post=165721"}],"version-history":[{"count":1,"href":"https:\/\/www.fuldaernachrichten.de\/index.php?rest_route=\/wp\/v2\/posts\/165721\/revisions"}],"predecessor-version":[{"id":165725,"href":"https:\/\/www.fuldaernachrichten.de\/index.php?rest_route=\/wp\/v2\/posts\/165721\/revisions\/165725"}],"wp:attachment":[{"href":"https:\/\/www.fuldaernachrichten.de\/index.php?rest_route=%2Fwp%2Fv2%2Fmedia&parent=165721"}],"wp:term":[{"taxonomy":"category","embeddable":true,"href":"https:\/\/www.fuldaernachrichten.de\/index.php?rest_route=%2Fwp%2Fv2%2Fcategories&post=165721"},{"taxonomy":"post_tag","embeddable":true,"href":"https:\/\/www.fuldaernachrichten.de\/index.php?rest_route=%2Fwp%2Fv2%2Ftags&post=165721"}],"curies":[{"name":"wp","href":"https:\/\/api.w.org\/{rel}","templated":true}]}}