{"id":165717,"date":"2017-07-24T09:00:39","date_gmt":"2017-07-24T07:00:39","guid":{"rendered":"http:\/\/www.fuldaer-nachrichten.de\/?p=165717"},"modified":"2017-07-24T09:00:39","modified_gmt":"2017-07-24T07:00:39","slug":"rhoener-charme-sonntagsspaziergang-kunst-und-kulinarik-am-30-juli-auf-der-poppenhausener-kunstmeile","status":"publish","type":"post","link":"https:\/\/www.fuldaernachrichten.de\/?p=165717","title":{"rendered":"Rh\u00f6ner Charme Sonntagsspaziergang &#8211; Kunst und Kulinarik am 30. Juli auf der Poppenhausener Kunstmeile"},"content":{"rendered":"<p>Eine Neuauflage erf\u00e4hrt die Veranstaltung &#8220;Kunst und Kulinarik\u201c \u2013 unter diesem Titel hatten die Gastronomen und landwirtschaftlichen Partner des Rh\u00f6ner Charme einen kunterbunten Sonntagsspaziergang organisiert. Zu einem weiteren &#8220;leckeren&#8221; Spaziergang sind alle Freunde des Rh\u00f6ner Charme am Sonntag, 30. Juli, in der Zeit von 11:00 bis 16:00 Uhr eingeladen: Entlang der etwa zwei Kilometer langen Poppenhausener Kunstmeile pr\u00e4sentieren sich die Gastronomie-Teams an St\u00e4nden mit regionalen Speisen und Getr\u00e4nken. Den Tag gestalten neben den Akteuren des Rh\u00f6ner Charme auch K\u00fcnstler der Region sowie Mitglieder des Rh\u00f6nklubs.<\/p>\n<p>Die Kunstmeile zwischen \u201eGrabenh\u00f6fchen\u201c und \u201eFuldaer Haus\u201c bietet auf einem idyllischen Wanderweg eine Vielzahl an Kunstwerken regionaler und internationaler K\u00fcnstler. Startschuss ist um 11:00 Uhr am Grabenh\u00f6fchen. W\u00e4hrend eines gem\u00fctlichen Sonntagsspaziergangs, ganz gleich, ob Startpunkt das Fuldaer Haus oder Grabenh\u00f6fchen ist, werden Natur, Kunst und K\u00f6stlichkeiten verbunden. Mit von der Partie sind neben Kirchners Bauernladen die Teams vom Hotel Sonne, Fuldaer Haus, Gasthof Rh\u00f6nblick, Peterchens Mondfahrt und Kneshecke. Wanderer und Spazierg\u00e4nger haben die Gelegenheit, an jedem Stand die angebotenen Speisen zu genie\u00dfen. Neben dem sportlichen und kulinarischen Anreiz steht mit einem Quiz und entsprechenden Preisen eine weitere Attraktion auf dem Programm.<\/p>\n","protected":false},"excerpt":{"rendered":"<div class=\"tmnf_excerpt\"><p>Eine Neuauflage erf\u00e4hrt die Veranstaltung &#8220;Kunst und Kulinarik\u201c \u2013 unter diesem Titel hatten die Gastronomen und landwirtschaftlichen Partner des Rh\u00f6ner Charme einen kunterbunten Sonntagsspaziergang organisiert. Zu einem weiteren &#8220;leckeren&#8221; Spaziergang sind alle Freunde des Rh\u00f6ner Charme am Sonntag, 30. Juli, in der Zeit von 11:00 bis 16:00 Uhr eingeladen: Entlang der etwa zwei Kilometer langen &hellip;<\/p>\n<\/div>","protected":false},"author":1,"featured_media":0,"comment_status":"closed","ping_status":"closed","sticky":false,"template":"","format":"standard","meta":{"footnotes":""},"categories":[1],"tags":[],"class_list":["post-165717","post","type-post","status-publish","format-standard","hentry","category-startseite"],"_links":{"self":[{"href":"https:\/\/www.fuldaernachrichten.de\/index.php?rest_route=\/wp\/v2\/posts\/165717","targetHints":{"allow":["GET"]}}],"collection":[{"href":"https:\/\/www.fuldaernachrichten.de\/index.php?rest_route=\/wp\/v2\/posts"}],"about":[{"href":"https:\/\/www.fuldaernachrichten.de\/index.php?rest_route=\/wp\/v2\/types\/post"}],"author":[{"embeddable":true,"href":"https:\/\/www.fuldaernachrichten.de\/index.php?rest_route=\/wp\/v2\/users\/1"}],"replies":[{"embeddable":true,"href":"https:\/\/www.fuldaernachrichten.de\/index.php?rest_route=%2Fwp%2Fv2%2Fcomments&post=165717"}],"version-history":[{"count":1,"href":"https:\/\/www.fuldaernachrichten.de\/index.php?rest_route=\/wp\/v2\/posts\/165717\/revisions"}],"predecessor-version":[{"id":165719,"href":"https:\/\/www.fuldaernachrichten.de\/index.php?rest_route=\/wp\/v2\/posts\/165717\/revisions\/165719"}],"wp:attachment":[{"href":"https:\/\/www.fuldaernachrichten.de\/index.php?rest_route=%2Fwp%2Fv2%2Fmedia&parent=165717"}],"wp:term":[{"taxonomy":"category","embeddable":true,"href":"https:\/\/www.fuldaernachrichten.de\/index.php?rest_route=%2Fwp%2Fv2%2Fcategories&post=165717"},{"taxonomy":"post_tag","embeddable":true,"href":"https:\/\/www.fuldaernachrichten.de\/index.php?rest_route=%2Fwp%2Fv2%2Ftags&post=165717"}],"curies":[{"name":"wp","href":"https:\/\/api.w.org\/{rel}","templated":true}]}}