{"id":165709,"date":"2017-07-24T09:00:11","date_gmt":"2017-07-24T07:00:11","guid":{"rendered":"http:\/\/www.fuldaer-nachrichten.de\/?p=165709"},"modified":"2017-07-24T09:00:11","modified_gmt":"2017-07-24T07:00:11","slug":"alsfeld-bewegt-kooperation-mit-erlenbad-fuer-party-und-sunset-swimming-am-abend","status":"publish","type":"post","link":"https:\/\/www.fuldaernachrichten.de\/?p=165709","title":{"rendered":"Alsfeld bewegt: Kooperation mit Erlenbad f\u00fcr Party und Sunset-Swimming am Abend"},"content":{"rendered":"<p>Die ersten hundert Anmeldungen sind bereits eingegangen, einige Teams sieht man schon hier und da trainieren, und im Hintergrund arbeitet das Orga-Team von \u201eAlsfeld bewegt\u201c auf Hochtouren. Als erstes und \u00e4u\u00dferst freudiges Ergebnis dieser Arbeit k\u00f6nnen Achim Spychalski-Merle von \u201eAlsfeld bewegt\u201c und Ralf Kaufmann vom Erlenbad eine neue, gute Kooperation ank\u00fcndigen: Als Premiere in diesem Jahr gibt es eine After-Run-Party im Erlenbad \u2013 und das in Verbindung mit dem Abschluss der Freibad-Saison. Das Alsfelder Team der DLRG, ebenfalls im Erlenbad angesiedelt, verst\u00e4rkt das Laufevent zudem mit seinem W\u00fcrstchen-Mobil, zuerst auf dem Marktplatz, sp\u00e4ter dann auf dem Schwimmbadgel\u00e4nde.<\/p>\n<p>\u201eLaufen und Schwimmen sind Sportarten, die ganz prima zueinanderpassen. Da wir an diesem Wochenende planungsm\u00e4\u00dfig die Freibadsaison f\u00fcr dieses Jahr beenden, hat es sich angeboten, unsere Events zusammenzulegen und gemeinsam Spa\u00df zu haben\u201c, meint Ralf Kaufmann, Gesch\u00e4ftsf\u00fchrer des Erlenbades. \u201eEine After-Run- und After-Swim-Party in einem ist doch klasse!\u201c Spychalski-Merle sieht das genauso: \u201eGerade in der Kooperation von Vereinen und Menschen, die dieselben Ziele verfolgen, liegt eine St\u00e4rke unserer Region\u201c, unterstreicht er. Ab 18 Uhr bis Mitternacht darf nach dem Stadtlauf am 16. September gefeiert werden; bis 22 Uhr ist an dem Abend sogar das Schwimmen im Mondschein erlaubt.<\/p>\n<p>Die Teilnahme an der Party kann man zu einem Aufpreis zur Startgeb\u00fchr gleich bei der L\u00e4ufermeldung mitbuchen, f\u00fcr Spontanentschlossene ist aber auch ein Eintritt \u00fcber die Schwimmbadkasse m\u00f6glich. Wer bereits bei der Anmeldung mitbucht, kann neben der Teilnahme an der After-Run-Party den ganzen Tag \u00fcber das Schwimmbad und die dortigen Anlagen nutzen.<\/p>\n<p>\u201eWir freuen uns schon sehr auf diese Party\u201c, so Tanja Bohn, vom Orga-Team. \u201eF\u00fcr Musik, Getr\u00e4nke, Essen, Beleuchtung und alles, was zu einer gelungenen Party geh\u00f6rt, werden wir an diesem Abend nat\u00fcrlich sorgen.\u201c<\/p>\n","protected":false},"excerpt":{"rendered":"<div class=\"tmnf_excerpt\"><p>Die ersten hundert Anmeldungen sind bereits eingegangen, einige Teams sieht man schon hier und da trainieren, und im Hintergrund arbeitet das Orga-Team von \u201eAlsfeld bewegt\u201c auf Hochtouren. Als erstes und \u00e4u\u00dferst freudiges Ergebnis dieser Arbeit k\u00f6nnen Achim Spychalski-Merle von \u201eAlsfeld bewegt\u201c und Ralf Kaufmann vom Erlenbad eine neue, gute Kooperation ank\u00fcndigen: Als Premiere in diesem &hellip;<\/p>\n<\/div>","protected":false},"author":1,"featured_media":165714,"comment_status":"closed","ping_status":"closed","sticky":false,"template":"","format":"standard","meta":{"footnotes":""},"categories":[1],"tags":[],"class_list":["post-165709","post","type-post","status-publish","format-standard","has-post-thumbnail","hentry","category-startseite"],"_links":{"self":[{"href":"https:\/\/www.fuldaernachrichten.de\/index.php?rest_route=\/wp\/v2\/posts\/165709","targetHints":{"allow":["GET"]}}],"collection":[{"href":"https:\/\/www.fuldaernachrichten.de\/index.php?rest_route=\/wp\/v2\/posts"}],"about":[{"href":"https:\/\/www.fuldaernachrichten.de\/index.php?rest_route=\/wp\/v2\/types\/post"}],"author":[{"embeddable":true,"href":"https:\/\/www.fuldaernachrichten.de\/index.php?rest_route=\/wp\/v2\/users\/1"}],"replies":[{"embeddable":true,"href":"https:\/\/www.fuldaernachrichten.de\/index.php?rest_route=%2Fwp%2Fv2%2Fcomments&post=165709"}],"version-history":[{"count":1,"href":"https:\/\/www.fuldaernachrichten.de\/index.php?rest_route=\/wp\/v2\/posts\/165709\/revisions"}],"predecessor-version":[{"id":165715,"href":"https:\/\/www.fuldaernachrichten.de\/index.php?rest_route=\/wp\/v2\/posts\/165709\/revisions\/165715"}],"wp:featuredmedia":[{"embeddable":true,"href":"https:\/\/www.fuldaernachrichten.de\/index.php?rest_route=\/wp\/v2\/media\/165714"}],"wp:attachment":[{"href":"https:\/\/www.fuldaernachrichten.de\/index.php?rest_route=%2Fwp%2Fv2%2Fmedia&parent=165709"}],"wp:term":[{"taxonomy":"category","embeddable":true,"href":"https:\/\/www.fuldaernachrichten.de\/index.php?rest_route=%2Fwp%2Fv2%2Fcategories&post=165709"},{"taxonomy":"post_tag","embeddable":true,"href":"https:\/\/www.fuldaernachrichten.de\/index.php?rest_route=%2Fwp%2Fv2%2Ftags&post=165709"}],"curies":[{"name":"wp","href":"https:\/\/api.w.org\/{rel}","templated":true}]}}