{"id":165705,"date":"2017-07-24T08:58:07","date_gmt":"2017-07-24T06:58:07","guid":{"rendered":"http:\/\/www.fuldaer-nachrichten.de\/?p=165705"},"modified":"2017-07-24T08:58:07","modified_gmt":"2017-07-24T06:58:07","slug":"team-der-notfallseelsorge-sucht-neue-mitarbeitende-fuer-die-wichtige-arbeit-fuer-menschen-in-not","status":"publish","type":"post","link":"https:\/\/www.fuldaernachrichten.de\/?p=165705","title":{"rendered":"Team der Notfallseelsorge sucht neue Mitarbeitende f\u00fcr die wichtige Arbeit f\u00fcr Menschen in Not"},"content":{"rendered":"<p>T\u00e4glich geraten Menschen pl\u00f6tzlich in k\u00f6rperliche, seelische und soziale Not. Unvorhersehbare Ereignisse, wie Unf\u00e4lle, Feuer, pl\u00f6tzlicher Tod k\u00f6nnen jede und jeden zu jeder Zeit ereilen, auch wenn dies niemand wahr haben will. In solchen Situationen helfen die Glieder der Rettungskette (Feuerwehr, Rettungsdienst und Polizei). Sie helfen bei Gefahr f\u00fcr Leib und Leben. Die Notfallseelsorge unterst\u00fctzt die Rettungskette. Sie ist Teil der psychosozialen Versorgung von Betroffenen. Durch Zuwendung, Orientierung und Beruhigung helfen die Mitarbeitenden in der Schocksituation \u00fcber die ersten schrecklichen Stunden hinweg. Sie haben Zeit f\u00fcr die Betroffenen, helfen den Abschied von Verstorbenen zu gestalten, leiten Notwendiges in die Wege.<\/p>\n<p>Nun bietet das Team der Notfallseelsorge allen Menschen, die sich in diesem Bereich engagieren m\u00f6chten, einen Ausbildungskurs an. Er umfasst 80 Unterrichtseinheiten und startet am 15.9. Darin kommen unter anderem die Themen Psychotraumatologie, suizidalen Krisen oder auch der eigenen Haltung zu Trauer und Tod zum Tragen. Pfarrer Thomas Schill, Koordinator der Notfallseelsorge Vogelsberg, konnte dazu auch zwei Fachreferenten gewinnen. N\u00e4here Informationen dazu gibt es auf der Webseite des Evangelischen Dekanats Alsfeld unter www.alsfeld-evangelisch.de oder direkt bei Pfarrer Thomas Schill unter der Telefonnummer 0151 11672162.<\/p>\n","protected":false},"excerpt":{"rendered":"<div class=\"tmnf_excerpt\"><p>T\u00e4glich geraten Menschen pl\u00f6tzlich in k\u00f6rperliche, seelische und soziale Not. Unvorhersehbare Ereignisse, wie Unf\u00e4lle, Feuer, pl\u00f6tzlicher Tod k\u00f6nnen jede und jeden zu jeder Zeit ereilen, auch wenn dies niemand wahr haben will. In solchen Situationen helfen die Glieder der Rettungskette (Feuerwehr, Rettungsdienst und Polizei). Sie helfen bei Gefahr f\u00fcr Leib und Leben. Die Notfallseelsorge unterst\u00fctzt &hellip;<\/p>\n<\/div>","protected":false},"author":1,"featured_media":165706,"comment_status":"closed","ping_status":"closed","sticky":false,"template":"","format":"standard","meta":{"footnotes":""},"categories":[1],"tags":[],"class_list":["post-165705","post","type-post","status-publish","format-standard","has-post-thumbnail","hentry","category-startseite"],"_links":{"self":[{"href":"https:\/\/www.fuldaernachrichten.de\/index.php?rest_route=\/wp\/v2\/posts\/165705","targetHints":{"allow":["GET"]}}],"collection":[{"href":"https:\/\/www.fuldaernachrichten.de\/index.php?rest_route=\/wp\/v2\/posts"}],"about":[{"href":"https:\/\/www.fuldaernachrichten.de\/index.php?rest_route=\/wp\/v2\/types\/post"}],"author":[{"embeddable":true,"href":"https:\/\/www.fuldaernachrichten.de\/index.php?rest_route=\/wp\/v2\/users\/1"}],"replies":[{"embeddable":true,"href":"https:\/\/www.fuldaernachrichten.de\/index.php?rest_route=%2Fwp%2Fv2%2Fcomments&post=165705"}],"version-history":[{"count":1,"href":"https:\/\/www.fuldaernachrichten.de\/index.php?rest_route=\/wp\/v2\/posts\/165705\/revisions"}],"predecessor-version":[{"id":165707,"href":"https:\/\/www.fuldaernachrichten.de\/index.php?rest_route=\/wp\/v2\/posts\/165705\/revisions\/165707"}],"wp:featuredmedia":[{"embeddable":true,"href":"https:\/\/www.fuldaernachrichten.de\/index.php?rest_route=\/wp\/v2\/media\/165706"}],"wp:attachment":[{"href":"https:\/\/www.fuldaernachrichten.de\/index.php?rest_route=%2Fwp%2Fv2%2Fmedia&parent=165705"}],"wp:term":[{"taxonomy":"category","embeddable":true,"href":"https:\/\/www.fuldaernachrichten.de\/index.php?rest_route=%2Fwp%2Fv2%2Fcategories&post=165705"},{"taxonomy":"post_tag","embeddable":true,"href":"https:\/\/www.fuldaernachrichten.de\/index.php?rest_route=%2Fwp%2Fv2%2Ftags&post=165705"}],"curies":[{"name":"wp","href":"https:\/\/api.w.org\/{rel}","templated":true}]}}