{"id":165703,"date":"2017-07-24T08:59:40","date_gmt":"2017-07-24T06:59:40","guid":{"rendered":"http:\/\/www.fuldaer-nachrichten.de\/?p=165703"},"modified":"2017-07-24T08:59:40","modified_gmt":"2017-07-24T06:59:40","slug":"birgit-koempel-spricht-in-schlitz-mit-jugendlichen-aus-aller-welt-birgit-koempel-besucht-deutschkurs-des-goethe-institutes-in-schlitz","status":"publish","type":"post","link":"https:\/\/www.fuldaernachrichten.de\/?p=165703","title":{"rendered":"Birgit K\u00f6mpel spricht in Schlitz mit Jugendlichen aus aller Welt &#8211; Birgit K\u00f6mpel besucht Deutschkurs des Goethe-Institutes in Schlitz"},"content":{"rendered":"<p>Da musste Birgit K\u00f6mpel erst einmal eine kurze Zeit nachdenken, bevor sie antwortete. \u201eWas w\u00fcrden Sie sagen, wenn zur gesamten Weltbev\u00f6lkerung sprechen d\u00fcrften?\u201c, lautete die Frage einer jungen Finnin. \u201eWenn wir all unseren Reichtum aufteilen w\u00fcrden, m\u00fcsste niemand Hunger oder Durst leiden. Wir brauchen mehr Solidarit\u00e4t und sollten mehr miteinander statt \u00fcbereinander reden\u201c, lautete die Antwort K\u00f6mpels. F\u00fcr dieses Statement erntete die Politikerin lauten Applaus der f\u00fcnfzig jungen M\u00e4nner und Frauen, die zurzeit auf Einladung des Goethe-Instituts einen Sprachkurs in der Schlitzer Hallenburg absolvieren. Jugendliche aus Skandinavien, Mosambik, S\u00fcdafrika, Indien, Pakistan, Kanada, Turkmenistan, Mazedonien und Italien nehmen gegenw\u00e4rtig an diesem Kurs teil. Sie  beeindrucken mit wirklich guten Deutschkenntnissen und gro\u00dfem Interesse an der Politik der Bundesrepublik.   <\/p>\n<p>So wurde Birgit K\u00f6mpel auch fast schon ein wenig wie ein Star empfangen: Nach der offiziellen Unterrichtsstunde standen die Sch\u00fclerinnen und Sch\u00fcler an, um Fotos mit der Abgeordneten zu schie\u00dfen.<br \/>\nIn der Gespr\u00e4chsrunde davor hatten die Jugendlichen mit interessanten Fragen aufgewartet: Fl\u00fcchtlingspolitik, Integration, Au\u00dfen-und Innenpolitik sowie der Unterschied zwischen den gro\u00dfen Parteien waren unter anderem Themen. Auf die Frage, was sie als erstes \u00e4ndern w\u00fcrde, wenn sie Bundeskanzlerin w\u00e4re, sagte K\u00f6mpel: \u201eIch w\u00fcrde sofort das Bildungssystem \u00e4ndern, mehr auf Gesamt- und Ganztagsschulen setzen. Bildung muss komplett kostenfrei und unabh\u00e4ngig davon sein, ob die Eltern viel Geld haben oder wenig. Au\u00dferdem gebe es ein bundesweit einheitliches System.\u201c<\/p>\n<p>Die jungen Leute haben sich von Deutschland ein gutes Bild gemacht. \u201eEs ist alles gut organisiert, und die Leute sind sehr nett\u201c, hie\u00df es aus den Sch\u00fclerkreisen. Und ein junger Pakistani f\u00fcgte hinzu: \u201eBesonders nett sind sie in Schlitz.\u201c<\/p>\n","protected":false},"excerpt":{"rendered":"<div class=\"tmnf_excerpt\"><p>Da musste Birgit K\u00f6mpel erst einmal eine kurze Zeit nachdenken, bevor sie antwortete. \u201eWas w\u00fcrden Sie sagen, wenn zur gesamten Weltbev\u00f6lkerung sprechen d\u00fcrften?\u201c, lautete die Frage einer jungen Finnin. \u201eWenn wir all unseren Reichtum aufteilen w\u00fcrden, m\u00fcsste niemand Hunger oder Durst leiden. Wir brauchen mehr Solidarit\u00e4t und sollten mehr miteinander statt \u00fcbereinander reden\u201c, lautete die &hellip;<\/p>\n<\/div>","protected":false},"author":1,"featured_media":165711,"comment_status":"closed","ping_status":"closed","sticky":false,"template":"","format":"gallery","meta":{"footnotes":""},"categories":[1],"tags":[],"class_list":["post-165703","post","type-post","status-publish","format-gallery","has-post-thumbnail","hentry","category-startseite","post_format-post-format-gallery"],"_links":{"self":[{"href":"https:\/\/www.fuldaernachrichten.de\/index.php?rest_route=\/wp\/v2\/posts\/165703","targetHints":{"allow":["GET"]}}],"collection":[{"href":"https:\/\/www.fuldaernachrichten.de\/index.php?rest_route=\/wp\/v2\/posts"}],"about":[{"href":"https:\/\/www.fuldaernachrichten.de\/index.php?rest_route=\/wp\/v2\/types\/post"}],"author":[{"embeddable":true,"href":"https:\/\/www.fuldaernachrichten.de\/index.php?rest_route=\/wp\/v2\/users\/1"}],"replies":[{"embeddable":true,"href":"https:\/\/www.fuldaernachrichten.de\/index.php?rest_route=%2Fwp%2Fv2%2Fcomments&post=165703"}],"version-history":[{"count":1,"href":"https:\/\/www.fuldaernachrichten.de\/index.php?rest_route=\/wp\/v2\/posts\/165703\/revisions"}],"predecessor-version":[{"id":165713,"href":"https:\/\/www.fuldaernachrichten.de\/index.php?rest_route=\/wp\/v2\/posts\/165703\/revisions\/165713"}],"wp:featuredmedia":[{"embeddable":true,"href":"https:\/\/www.fuldaernachrichten.de\/index.php?rest_route=\/wp\/v2\/media\/165711"}],"wp:attachment":[{"href":"https:\/\/www.fuldaernachrichten.de\/index.php?rest_route=%2Fwp%2Fv2%2Fmedia&parent=165703"}],"wp:term":[{"taxonomy":"category","embeddable":true,"href":"https:\/\/www.fuldaernachrichten.de\/index.php?rest_route=%2Fwp%2Fv2%2Fcategories&post=165703"},{"taxonomy":"post_tag","embeddable":true,"href":"https:\/\/www.fuldaernachrichten.de\/index.php?rest_route=%2Fwp%2Fv2%2Ftags&post=165703"}],"curies":[{"name":"wp","href":"https:\/\/api.w.org\/{rel}","templated":true}]}}