{"id":165693,"date":"2017-07-20T21:46:08","date_gmt":"2017-07-20T19:46:08","guid":{"rendered":"http:\/\/www.fuldaer-nachrichten.de\/?p=165693"},"modified":"2017-07-20T21:46:08","modified_gmt":"2017-07-20T19:46:08","slug":"uebergewicht-und-langes-stehen-vermeiden","status":"publish","type":"post","link":"https:\/\/www.fuldaernachrichten.de\/?p=165693","title":{"rendered":"\u00dcbergewicht und langes Stehen vermeiden"},"content":{"rendered":"<p>Krampfadern, medizinisch \u201eVarizen\u201c, sind knotige oder sackf\u00f6rmige Ausweitungen von Venen, die meist an den Beinen auftreten. Jede zweite Frau im Alter zwischen 19 und 79 Jahren hat durchschnittlich mindestens eine Krampfader.<\/p>\n<p>Ursache<\/p>\n<p>Krampfadern entstehen aufgrund von Abflussbehinderungen der Blutgef\u00e4\u00dfe. Man unterscheidet prim\u00e4re und sekund\u00e4re Varizen: Sekund\u00e4re Varizen sind Krampfadern aufgrund einer anderen Erkrankung, beispielsweise einer tiefen Beinvenenthrombose. Dabei staut sich das Blut in den tiefen Beinvenen, die normalerweise 90 Prozent des Bluts zur\u00fcck zum Herzen transportieren. Wenn dieser Weg versperrt ist, muss viel mehr Blut durch die oberfl\u00e4chlichen Venen flie\u00dfen und diese erweitern sich. Bei prim\u00e4ren Varizen, die mit 95 Prozent den Gro\u00dfteil ausmachen, ist die Ursache noch nicht ganz erforscht. Man geht davon aus, dass eine Schw\u00e4chung der Venenwand oder der Venenklappen dazu f\u00fchrt, dass das Blut in den oberfl\u00e4chlichen Venen nicht richtig transportiert wird und sich staut. Faktoren wie genetische Veranlagung, Bindegewebeschw\u00e4che, \u00dcbergewicht und h\u00e4ufiges Stehen scheinen ebenfalls dazu beizutragen.<\/p>\n<p>Symptome<\/p>\n<p>Im Anfangsstadium zeigen sich h\u00e4ufig zun\u00e4chst so genannte \u201eBesenreiser\u201c: So bezeichnet man kleine, ver\u00e4stelte \u00c4derchen mit rot-bl\u00e4ulicher F\u00e4rbung auf der Haut. Gr\u00f6\u00dfere Krampfadern sind meist gut sichtbar und werden danach eingeteilt, welche Venen betroffen sind (z.B. Stamm-\/Seitenastvarizen oder retiukul\u00e4re Varizen). Weitere Symptome sind schwere oder m\u00fcde Beine, geschwollene Kn\u00f6chel, ziehende Schmerzen oder gar Juckreiz und Hautver\u00e4nderungen in sp\u00e4teren Stadien.<\/p>\n<p>Behandlung<\/p>\n<p>Viele Betroffene empfinden Krampfadern als Sch\u00f6nheitsfehler. Heutzutage gibt es eine Vielfalt an kosmetischen Behandlungen (z.B. Lasertherapie oder Ver\u00f6dungsbehandlungen), um das Hautbild aufzubessern. Dennoch sollten m\u00f6gliche Komplikationen von Krampfadern nicht au\u00dfer Acht gelassen werden: Es kann vorkommen, dass sich Varizen entz\u00fcnden, Blutgerinnsel bilden und ein Blutgef\u00e4\u00df komplett verstopfen. Au\u00dferdem k\u00f6nnen durch langfristige Stauung der Blutgef\u00e4\u00dfe und Schwellungen der Beine auch ausgepr\u00e4gte Hautver\u00e4nderungen mit offenen Wunden entstehen. Es empfiehlt sich daher, fr\u00fchzeitig \u00e4rztlichen Rat einzuholen und \u00fcber eine passende Behandlung nachzudenken. Ver\u00e4nderungen des Lebensstils (z.B. weniger Stehen und mehr Bewegen) und Kompressionen k\u00f6nnen die Entstehung von Krampfadern verlangsamen. <\/p>\n","protected":false},"excerpt":{"rendered":"<div class=\"tmnf_excerpt\"><p>Krampfadern, medizinisch \u201eVarizen\u201c, sind knotige oder sackf\u00f6rmige Ausweitungen von Venen, die meist an den Beinen auftreten. Jede zweite Frau im Alter zwischen 19 und 79 Jahren hat durchschnittlich mindestens eine Krampfader. Ursache Krampfadern entstehen aufgrund von Abflussbehinderungen der Blutgef\u00e4\u00dfe. Man unterscheidet prim\u00e4re und sekund\u00e4re Varizen: Sekund\u00e4re Varizen sind Krampfadern aufgrund einer anderen Erkrankung, beispielsweise einer &hellip;<\/p>\n<\/div>","protected":false},"author":1,"featured_media":0,"comment_status":"closed","ping_status":"closed","sticky":false,"template":"","format":"standard","meta":{"footnotes":""},"categories":[1],"tags":[],"class_list":["post-165693","post","type-post","status-publish","format-standard","hentry","category-startseite"],"_links":{"self":[{"href":"https:\/\/www.fuldaernachrichten.de\/index.php?rest_route=\/wp\/v2\/posts\/165693","targetHints":{"allow":["GET"]}}],"collection":[{"href":"https:\/\/www.fuldaernachrichten.de\/index.php?rest_route=\/wp\/v2\/posts"}],"about":[{"href":"https:\/\/www.fuldaernachrichten.de\/index.php?rest_route=\/wp\/v2\/types\/post"}],"author":[{"embeddable":true,"href":"https:\/\/www.fuldaernachrichten.de\/index.php?rest_route=\/wp\/v2\/users\/1"}],"replies":[{"embeddable":true,"href":"https:\/\/www.fuldaernachrichten.de\/index.php?rest_route=%2Fwp%2Fv2%2Fcomments&post=165693"}],"version-history":[{"count":1,"href":"https:\/\/www.fuldaernachrichten.de\/index.php?rest_route=\/wp\/v2\/posts\/165693\/revisions"}],"predecessor-version":[{"id":165700,"href":"https:\/\/www.fuldaernachrichten.de\/index.php?rest_route=\/wp\/v2\/posts\/165693\/revisions\/165700"}],"wp:attachment":[{"href":"https:\/\/www.fuldaernachrichten.de\/index.php?rest_route=%2Fwp%2Fv2%2Fmedia&parent=165693"}],"wp:term":[{"taxonomy":"category","embeddable":true,"href":"https:\/\/www.fuldaernachrichten.de\/index.php?rest_route=%2Fwp%2Fv2%2Fcategories&post=165693"},{"taxonomy":"post_tag","embeddable":true,"href":"https:\/\/www.fuldaernachrichten.de\/index.php?rest_route=%2Fwp%2Fv2%2Ftags&post=165693"}],"curies":[{"name":"wp","href":"https:\/\/api.w.org\/{rel}","templated":true}]}}