{"id":165690,"date":"2017-07-20T21:45:01","date_gmt":"2017-07-20T19:45:01","guid":{"rendered":"http:\/\/www.fuldaer-nachrichten.de\/?p=165690"},"modified":"2017-07-20T21:45:01","modified_gmt":"2017-07-20T19:45:01","slug":"bevollmaechtigter-fuer-integration-und-antidiskriminierung-besucht-arbeiterwohlfahrt-fulda-staatssekretaer-jo-dreiseitel-gemeinsames-engagement-foerdert-den-dialog-und-das-verstaendnis-fue","status":"publish","type":"post","link":"https:\/\/www.fuldaernachrichten.de\/?p=165690","title":{"rendered":"Bevollm\u00e4chtigter f\u00fcr Integration und Antidiskriminierung besucht Arbeiterwohlfahrt Fulda &#8211; Staatssekret\u00e4r Jo Dreiseitel: \u201eGemeinsames Engagement f\u00f6rdert den Dialog und das Verst\u00e4ndnis f\u00fcreinander\u201c."},"content":{"rendered":"<p>Der Bevollm\u00e4chtigte f\u00fcr Integration und Antidiskriminierung, Staatssekret\u00e4r Jo Dreiseitel, hat heute im Rahmen seiner Sommerreise den Kreisverband der Arbeiterwohlfahrt (AWO) in Fulda besucht und einen F\u00f6rderbescheid aus dem Landesprogramm WIR \u00fcber 19.850 Euro f\u00fcr das neue Projekt \u201eGemeinsam engagiert f\u00fcr Integration\u201c \u00fcberreicht. Mit diesem Projekt will die AWO Menschen mit Migrationshintergrund verst\u00e4rkt f\u00fcr die ehrenamtliche Arbeit gewinnen, eine Willkommenskultur schaffen und das gesellschaftliche Miteinander verbessern. \u201eUnser gemeinsames Ziel ist es, eine Spaltung der Gesellschaft zu verhindern und daf\u00fcr zu sorgen, dass Hessen ein Ort ist, an dem sich die Menschen wohlf\u00fchlen, egal ob alteingesessen oder zugewandert. Gemeinsames Engagement f\u00f6rdert den Dialog untereinander und das Verst\u00e4ndnis f\u00fcreinander\u201c, betonte der Staatssekret\u00e4r.<\/p>\n<p>Der Kreisverband Fulda treibt seit Jahren die interkulturelle \u00d6ffnung erfolgreich voran. Bereits das Projekt \u201eVielfalt gewinnt\u201c wurde aus Mitteln des Landesprogramms WIR gef\u00f6rdert. Mit dem neuen Projekt will die AWO auf die gemachten Erfahrungen aufbauen: \u201eEhrenamtliches Engagement ist ein Grundpfeiler unserer Gesellschaft: das Land Hessen unterst\u00fctzt Menschen dabei, anderen Menschen zu helfen\u201c, so Jo Dreiseitel.<\/p>\n<p>Mit dem Landesprogramm WIR werden seit Jahren wichtige Impulse hessischer Integrationspolitik gesetzt. Durch die inhaltliche Schwerpunktsetzung des WIR-Programms zum Aufbau und der Verbesserung einer gelebten Willkommens- und Anerkennungskultur sowie der St\u00e4rkung interkultureller \u00d6ffnungsprozesse k\u00f6nnen Strukturen in allen \u00f6ffentlichen Lebensbereichen weiterentwickelt und etabliert werden. Ziel ist dabei, die Angebote auf eine vielf\u00e4ltige Gesellschaft auszurichten, um allen Menschen, unabh\u00e4ngig ihrer Herkunft, Chancen auf Teilhabe fl\u00e4chendeckend zu erm\u00f6glichen.<\/p>\n<p>Hier sind die etablierten WIR-Koordinationen in allen hessischen Landkreisen, kreisfreien St\u00e4dten und Sonderstatusst\u00e4dten, die Akteure innovativer Modellprojekte, die qualifizierten ehrenamtlichen Integrationslotsen sowie die Projektpartner wichtige und erfahrene Akteure vor Ort. Auch die Angebote zur Deutschf\u00f6rderung sind weiterhin wichtiges integrationsf\u00f6rderndes Mittel.<\/p>\n<p>\u201eIch freue mich sehr dar\u00fcber, dass seit 2017 durch das WIR-Programm auch Gefl\u00fcchtete in den Kommunen und Kreisen erreicht werden. Denn \u201eUmso fr\u00fcher Integration startet, umso besser kann Integration gelingen. Davon bin ich \u00fcberzeugt\u201c, so Jo Dreiseitel, Staatssekret\u00e4r und Bevollm\u00e4chtigter f\u00fcr Integration und Antidiskriminierung.<\/p>\n<p>Mit der Fortschreibung des WIR-Programms werden als erg\u00e4nzender Kernpunkt mit dem neuen WIR-Fallmanagement f\u00fcr Gefl\u00fcchtete vorhandene bzw. neue Unterst\u00fctzungsstrukturen gest\u00e4rkt. Bei den Modellprojekten liegt der Focus in diesem Jahr auf Vorhaben zur Unterst\u00fctzung der Integration gefl\u00fcchteter Frauen sowie auf der St\u00e4rkung von Migrantenorganisationen.<\/p>\n<p>Seit 2014 wurden die Integrationsf\u00f6rdermittel von 3,1 Millionen Euro bis 2017 auf 8,85 Millionen Euro nahezu verdreifacht.<br \/>\nDas WIR-Programm wirkt sich damit insgesamt unterst\u00fctzend und positiv auf neue kommunale, gemeinn\u00fctzige sowie kirchliche Initiativen und Beratungsangebote \u2013 auch im l\u00e4ndlichen Raum \u2013 aus und verbessert somit strukturell und langfristig notwendige Ver\u00e4nderungsprozesse und Integrationsbedingungen.<\/p>\n","protected":false},"excerpt":{"rendered":"<div class=\"tmnf_excerpt\"><p>Der Bevollm\u00e4chtigte f\u00fcr Integration und Antidiskriminierung, Staatssekret\u00e4r Jo Dreiseitel, hat heute im Rahmen seiner Sommerreise den Kreisverband der Arbeiterwohlfahrt (AWO) in Fulda besucht und einen F\u00f6rderbescheid aus dem Landesprogramm WIR \u00fcber 19.850 Euro f\u00fcr das neue Projekt \u201eGemeinsam engagiert f\u00fcr Integration\u201c \u00fcberreicht. Mit diesem Projekt will die AWO Menschen mit Migrationshintergrund verst\u00e4rkt f\u00fcr die ehrenamtliche &hellip;<\/p>\n<\/div>","protected":false},"author":1,"featured_media":0,"comment_status":"closed","ping_status":"closed","sticky":false,"template":"","format":"standard","meta":{"footnotes":""},"categories":[1],"tags":[],"class_list":["post-165690","post","type-post","status-publish","format-standard","hentry","category-startseite"],"_links":{"self":[{"href":"https:\/\/www.fuldaernachrichten.de\/index.php?rest_route=\/wp\/v2\/posts\/165690","targetHints":{"allow":["GET"]}}],"collection":[{"href":"https:\/\/www.fuldaernachrichten.de\/index.php?rest_route=\/wp\/v2\/posts"}],"about":[{"href":"https:\/\/www.fuldaernachrichten.de\/index.php?rest_route=\/wp\/v2\/types\/post"}],"author":[{"embeddable":true,"href":"https:\/\/www.fuldaernachrichten.de\/index.php?rest_route=\/wp\/v2\/users\/1"}],"replies":[{"embeddable":true,"href":"https:\/\/www.fuldaernachrichten.de\/index.php?rest_route=%2Fwp%2Fv2%2Fcomments&post=165690"}],"version-history":[{"count":1,"href":"https:\/\/www.fuldaernachrichten.de\/index.php?rest_route=\/wp\/v2\/posts\/165690\/revisions"}],"predecessor-version":[{"id":165696,"href":"https:\/\/www.fuldaernachrichten.de\/index.php?rest_route=\/wp\/v2\/posts\/165690\/revisions\/165696"}],"wp:attachment":[{"href":"https:\/\/www.fuldaernachrichten.de\/index.php?rest_route=%2Fwp%2Fv2%2Fmedia&parent=165690"}],"wp:term":[{"taxonomy":"category","embeddable":true,"href":"https:\/\/www.fuldaernachrichten.de\/index.php?rest_route=%2Fwp%2Fv2%2Fcategories&post=165690"},{"taxonomy":"post_tag","embeddable":true,"href":"https:\/\/www.fuldaernachrichten.de\/index.php?rest_route=%2Fwp%2Fv2%2Ftags&post=165690"}],"curies":[{"name":"wp","href":"https:\/\/api.w.org\/{rel}","templated":true}]}}