{"id":16569,"date":"2008-12-13T08:28:31","date_gmt":"2008-12-13T07:28:31","guid":{"rendered":"http:\/\/www.schoene-nachrichten.de\/?p=16569"},"modified":"2008-12-13T10:29:03","modified_gmt":"2008-12-13T09:29:03","slug":"tegut-erhaelt-preis-fuer-deutschlands-nachhaltigste-strategie-2008","status":"publish","type":"post","link":"https:\/\/www.fuldaernachrichten.de\/?p=16569","title":{"rendered":"tegut&#8230; erh\u00e4lt Preis f\u00fcr \u201eDeutschlands nachhaltigste Strategie 2008\u201c"},"content":{"rendered":"<p><a rel=\"lightbox[roadtrip]\" target=\"_blank\" href=\"http:\/\/www.schoene-nachrichten.de\/wp-content\/uploads\/2008\/12\/081212-tegut-3.jpg\"><img decoding=\"async\" class=\"alignnone size-thumbnail wp-image-16573\" title=\"081212-tegut-3\" src=\"http:\/\/www.schoene-nachrichten.de\/wp-content\/uploads\/2008\/12\/081212-tegut-3.jpg\" width=\"560\" srcset=\"https:\/\/www.fuldaernachrichten.de\/wp-content\/uploads\/2008\/12\/081212-tegut-3.jpg 600w, https:\/\/www.fuldaernachrichten.de\/wp-content\/uploads\/2008\/12\/081212-tegut-3-265x164.jpg 265w\" sizes=\"(max-width: 600px) 100vw, 600px\" \/><\/a><\/p>\n<p><strong>Fulda. <\/strong>Das Unternehmen tegut\u00e2\u20ac\u00a6 gute Lebensmittel wurde am 5. Dezember 2008 in D\u00fcsseldorf mit dem erstmals verliehenen deutschen Nachhaltigkeitspreis f\u00fcr seine Unternehmensstrategie ausgezeichnet.<\/p>\n<p><strong>Fotos (3):<\/strong> tegut&#8230;<\/p>\n<p><a rel=\"lightbox[roadtrip]\" target=\"_blank\" href=\"http:\/\/www.schoene-nachrichten.de\/wp-content\/uploads\/2008\/12\/081212-tegut-2.jpg\"><img decoding=\"async\" class=\"alignnone size-thumbnail wp-image-16571\" title=\"081212-tegut-2\" src=\"http:\/\/www.schoene-nachrichten.de\/wp-content\/uploads\/2008\/12\/081212-tegut-2-265x176.jpg\" alt=\"081212-tegut-2\" width=\"265\" height=\"176\" srcset=\"https:\/\/www.fuldaernachrichten.de\/wp-content\/uploads\/2008\/12\/081212-tegut-2-265x176.jpg 265w, https:\/\/www.fuldaernachrichten.de\/wp-content\/uploads\/2008\/12\/081212-tegut-2.jpg 600w\" sizes=\"(max-width: 265px) 100vw, 265px\" \/><\/a> <a rel=\"lightbox[roadtrip]\" target=\"_blank\" href=\"http:\/\/www.schoene-nachrichten.de\/wp-content\/uploads\/2008\/12\/081212-tegut-1.jpg\"><img decoding=\"async\" class=\"alignnone size-thumbnail wp-image-16570\" title=\"081212-tegut-1\" src=\"http:\/\/www.schoene-nachrichten.de\/wp-content\/uploads\/2008\/12\/081212-tegut-1-265x176.jpg\" alt=\"081212-tegut-1\" width=\"265\" height=\"176\" srcset=\"https:\/\/www.fuldaernachrichten.de\/wp-content\/uploads\/2008\/12\/081212-tegut-1-265x176.jpg 265w, https:\/\/www.fuldaernachrichten.de\/wp-content\/uploads\/2008\/12\/081212-tegut-1.jpg 600w\" sizes=\"(max-width: 265px) 100vw, 265px\" \/><\/a><\/p>\n<p><!--more--><\/p>\n<p><strong>&#8220;Offene Ferne&#8221;<\/strong><\/p>\n<p>Die Rh\u00f6n im Dreil\u00e4ndereck von Hessen, Th\u00fcringen und Franken ist ein karges Land, in dem die Landwirtschaft schon immer einen schweren Stand hatte. W\u00fcrden die Landwirte jedoch ihre Tiere nicht auf den Weiden grasen lassen, verl\u00f6re die einmalige Kulturlandschaft der \u201eoffenen Fernen\u201c ihren Charakter. Viele der Landwirte in dem Mittelgebirge sind Partner von tegut\u00e2\u20ac\u00a6 gute Lebensmittel. Das Fuldaer Handelsunternehmen tr\u00e4gt mit der Abnahme von Fleisch zur Sicherung der familiengepr\u00e4gten Landwirtschaft im Biosph\u00e4renreservat Rh\u00f6n bei und leistet damit auch einen Beitrag zum Erhalt der Landschaft.<\/p>\n<p>F\u00fcr seine Strategie wurde tegut&#8230; jetzt mit dem erstmals verliehenen deutschen Nachhaltigkeitspreis geehrt. Ausgezeichnet wurden \u201eUnternehmen, die vorbildlich wirtschaftlichen Erfolg mit sozialer Verantwortung und Schonung der Umwelt verbinden \u2013 und nachhaltiges Handeln zu weiterem Wachstum nutzen\u201c. \u201eDie Durchg\u00e4ngigkeit der Nachhaltigkeit von der Produktion bis zum Endkunden\u201c zeichne tegut&#8230; aus, hei\u00dft es in der Begr\u00fcndung der Jury. Damit sei das Unternehmen f\u00fcr den Lebensmitteleinzelhandel richtungsweisend.<\/p>\n<p><strong>tegut&#8230;\u00c2\u00a0 lebt Nachhaltigkeit<\/strong><br \/>\nBei tegut\u00e2\u20ac\u00a6 ist nachhaltiges Wirtschaften seit Jahrzehnten gelebte Praxis. Viel fr\u00fcher als andere Lebensmittelh\u00e4ndler hat das Unternehmen Bio-Produkte in sein Sortiment aufgenommen. In einigen M\u00e4rkten umfasst das Sortiment inzwischen mehr als 3000 kontrolliert \u00f6kologisch erzeugte Produkte, zu einem gro\u00dfen Teil von anerkannten Anbauverb\u00e4nden wie Demeter, Bioland und Naturland \u2013 Tendenz weiter steigend. Die hauseigene \u201eherzberger B\u00e4ckerei\u201c backt ihre Brote und Backwaren ausschlie\u00dflich mit Bio-Getreide, Mineralwasser aus eigenem Brunnen und weiteren Bio-Zutaten, und auch die eigene Fleischverarbeitung der \u201ekff\u201c liefert biologisch erzeugte Produkte.<\/p>\n<p>\u201eWir f\u00f6rdern Bio-Produkte und regionale Produkte\u201c, hei\u00dft ein Leitsatz aus der tegut&#8230; Gesch\u00e4ftspolitik. F\u00fcr die Jury stand zudem die soziale Nachhaltigkeit im Fokus. Auch hier konnte tegut\u00e2\u20ac\u00a6 punkten. Sie werde bei dem Unternehmen erreicht \u201edurch die bewusste F\u00f6rderung von Vielfalt im Unternehmen\u201c, diverse Ausbildungsm\u00f6glichkeiten sowie zahlreiche soziale Aktivit\u00e4ten.<\/p>\n<p>Dass Nachhaltigkeit auch eine globale Dimension hat, bei der sich \u00f6kologische und soziale Aspekte verbinden lassen, beweist tegut\u00e2\u20ac\u00a6 beim Einkauf von Bananen. Die Bio-Bananen aus der Dominikanischen Republik werden fair gehandelt. Der Bio-Anbau schont die nat\u00fcrlichen Ressourcen und die Produzenten finden dank des fairen Handels ein dauerhaftes Auskommen.<\/p>\n<p><strong>Stichwort Nachhaltigkeit<\/strong><\/p>\n<p>Der Begriff der Nachhaltigkeit stammt aus der Forstwirtschaft. Damit ein Wald erhalten bleibt, soll nur so viel Holz entnommen werden, wie gleichzeitig nachw\u00e4chst. Popul\u00e4r wurde der Begriff Nachhaltigkeit durch die Rio-Konferenz zu globalen Problemen im Jahr 1992. Seither wird unter dem Stichwort \u201eNachhaltigkeit\u201c verstanden, so zu wirtschaften, dass die Bed\u00fcrfnisse der heutigen Generation erf\u00fcllbar sind, ohne die M\u00f6glichkeiten und Bed\u00fcrfnisse k\u00fcnftiger Generationen zu gef\u00e4hrden. Dies gilt nicht nur in \u00f6kologischer Hinsicht, sondern auch f\u00fcr die \u00d6konomie und das soziale Gef\u00fcge.<\/p>\n","protected":false},"excerpt":{"rendered":"<div class=\"tmnf_excerpt\"><p>Fulda. Das Unternehmen tegut\u00e2\u20ac\u00a6 gute Lebensmittel wurde am 5. Dezember 2008 in D\u00fcsseldorf mit dem erstmals verliehenen deutschen Nachhaltigkeitspreis f\u00fcr seine Unternehmensstrategie ausgezeichnet. Fotos (3): tegut&#8230;<\/p>\n<\/div>","protected":false},"author":1,"featured_media":0,"comment_status":"closed","ping_status":"closed","sticky":false,"template":"","format":"standard","meta":{"footnotes":""},"categories":[1,29,78],"tags":[],"class_list":["post-16569","post","type-post","status-publish","format-standard","hentry","category-startseite","category-politik","category-topthema"],"_links":{"self":[{"href":"https:\/\/www.fuldaernachrichten.de\/index.php?rest_route=\/wp\/v2\/posts\/16569","targetHints":{"allow":["GET"]}}],"collection":[{"href":"https:\/\/www.fuldaernachrichten.de\/index.php?rest_route=\/wp\/v2\/posts"}],"about":[{"href":"https:\/\/www.fuldaernachrichten.de\/index.php?rest_route=\/wp\/v2\/types\/post"}],"author":[{"embeddable":true,"href":"https:\/\/www.fuldaernachrichten.de\/index.php?rest_route=\/wp\/v2\/users\/1"}],"replies":[{"embeddable":true,"href":"https:\/\/www.fuldaernachrichten.de\/index.php?rest_route=%2Fwp%2Fv2%2Fcomments&post=16569"}],"version-history":[{"count":5,"href":"https:\/\/www.fuldaernachrichten.de\/index.php?rest_route=\/wp\/v2\/posts\/16569\/revisions"}],"predecessor-version":[{"id":16638,"href":"https:\/\/www.fuldaernachrichten.de\/index.php?rest_route=\/wp\/v2\/posts\/16569\/revisions\/16638"}],"wp:attachment":[{"href":"https:\/\/www.fuldaernachrichten.de\/index.php?rest_route=%2Fwp%2Fv2%2Fmedia&parent=16569"}],"wp:term":[{"taxonomy":"category","embeddable":true,"href":"https:\/\/www.fuldaernachrichten.de\/index.php?rest_route=%2Fwp%2Fv2%2Fcategories&post=16569"},{"taxonomy":"post_tag","embeddable":true,"href":"https:\/\/www.fuldaernachrichten.de\/index.php?rest_route=%2Fwp%2Fv2%2Ftags&post=16569"}],"curies":[{"name":"wp","href":"https:\/\/api.w.org\/{rel}","templated":true}]}}