{"id":165673,"date":"2017-07-20T21:45:28","date_gmt":"2017-07-20T19:45:28","guid":{"rendered":"http:\/\/www.fuldaer-nachrichten.de\/?p=165673"},"modified":"2017-07-20T21:45:28","modified_gmt":"2017-07-20T19:45:28","slug":"19-000-euro-fuer-das-schriftliche-kulturelle-erbe-im-bistum-fulda-erstmals-sonderfonds-der-bundesregierung-zur-unterstuetzung-fuer-objekte-mit-bundesweiter-relevanz","status":"publish","type":"post","link":"https:\/\/www.fuldaernachrichten.de\/?p=165673","title":{"rendered":"19.000 Euro f\u00fcr das schriftliche kulturelle Erbe im Bistum Fulda &#8211; Erstmals Sonderfonds der Bundesregierung zur Unterst\u00fctzung f\u00fcr Objekte mit bundesweiter Relevanz"},"content":{"rendered":"<p>Von insgesamt einer Million bundesweit geplanter Sondermittel gehen 19.000 Euro an Kultureinrichtungen des Bistums Fulda. Die Zuwendung unterst\u00fctzt die Sicherung und Erhaltung von wertvollen Objekten in den Bibliotheken in Fulda und Fritzlar und im Di\u00f6zesanarchiv. Durch die Bundesmittel k\u00f6nnen nunmehr mittelalterliche Fragmente \u2013 etwa aus der alten Klosterbibliothek \u2013 , Handschriften, Inkunabeln, Urkunden und Archivalien in Fulda und Fritzlar gereinigt und durch ad\u00e4quate Schutzverpackungen langfristig vor mechanischen Sch\u00e4den, vor Staub, Licht und sonstigen Umwelteinfl\u00fcssen gesch\u00fctzt werden.<br \/>\nVor allem S\u00e4urefra\u00df, Schimmel und Feuchtigkeit sind f\u00fcr die B\u00fccher und Dokumente in Archiven und Bibliotheken eine bedrohliche Gefahr. Oftmals reichen die finanziellen Mittel der Kultureinrichtungen f\u00fcr die Beseitigung dieser Probleme nicht aus. Daher hat die Bundesregierung in diesem Jahr zum ersten Mal f\u00fcr Objekte von bundesweiter Relevanz ein Sonderprogramm zur Erhaltung des schriftlichen kulturellen Erbes ins Leben gerufen. <\/p>\n<p>Die Fuldaer Di\u00f6zese und die Domgemeinde St. Peter in Fritzlar haben f\u00fcr die Konservierung ihrer Best\u00e4nde bereits in umfangreiche Bauma\u00dfnahmen investiert. Das Di\u00f6zesanarchiv verf\u00fcgt jetzt \u00fcber einen klimatechnisch innovativen Neubau; f\u00fcr die Bibliothek des Priesterseminars und der Theologischen Fakult\u00e4t in Fulda wurden j\u00fcngst neue, klimatisierte Magazine fertiggestellt; die Domgemeinde St. Peter in Fritzlar hat ebenfalls Ma\u00dfnahmen eingeleitet, um die Aufbewahrung der Best\u00e4nde an ihrem historischen Standort zu erm\u00f6glichen.<\/p>\n<p>Alle ausgew\u00e4hlten Objekte z\u00e4hlen zum schriftlichen kulturellen Erbe Deutschlands und sind Zeugnis der herausragenden Bedeutung Fuldas und Fritzlar als kulturelle Wissenszentren des Mittelalters und Keimzellen Europas.<br \/>\n\u00c2\u00a0<br \/>\nDie erfolgreiche Bewerbung geht auf ein Projekt der Bibliothek des Bisch\u00f6flichen Priesterseminars und der Theologischen Fakult\u00e4t als Koordinierungsstelle f\u00fcr die historischen Best\u00e4nde im Bistum Fulda in Zusammenarbeit mit dem Di\u00f6zesankonservator zur\u00fcck.<\/p>\n","protected":false},"excerpt":{"rendered":"<div class=\"tmnf_excerpt\"><p>Von insgesamt einer Million bundesweit geplanter Sondermittel gehen 19.000 Euro an Kultureinrichtungen des Bistums Fulda. Die Zuwendung unterst\u00fctzt die Sicherung und Erhaltung von wertvollen Objekten in den Bibliotheken in Fulda und Fritzlar und im Di\u00f6zesanarchiv. Durch die Bundesmittel k\u00f6nnen nunmehr mittelalterliche Fragmente \u2013 etwa aus der alten Klosterbibliothek \u2013 , Handschriften, Inkunabeln, Urkunden und Archivalien &hellip;<\/p>\n<\/div>","protected":false},"author":1,"featured_media":0,"comment_status":"closed","ping_status":"closed","sticky":false,"template":"","format":"standard","meta":{"footnotes":""},"categories":[1],"tags":[],"class_list":["post-165673","post","type-post","status-publish","format-standard","hentry","category-startseite"],"_links":{"self":[{"href":"https:\/\/www.fuldaernachrichten.de\/index.php?rest_route=\/wp\/v2\/posts\/165673","targetHints":{"allow":["GET"]}}],"collection":[{"href":"https:\/\/www.fuldaernachrichten.de\/index.php?rest_route=\/wp\/v2\/posts"}],"about":[{"href":"https:\/\/www.fuldaernachrichten.de\/index.php?rest_route=\/wp\/v2\/types\/post"}],"author":[{"embeddable":true,"href":"https:\/\/www.fuldaernachrichten.de\/index.php?rest_route=\/wp\/v2\/users\/1"}],"replies":[{"embeddable":true,"href":"https:\/\/www.fuldaernachrichten.de\/index.php?rest_route=%2Fwp%2Fv2%2Fcomments&post=165673"}],"version-history":[{"count":1,"href":"https:\/\/www.fuldaernachrichten.de\/index.php?rest_route=\/wp\/v2\/posts\/165673\/revisions"}],"predecessor-version":[{"id":165698,"href":"https:\/\/www.fuldaernachrichten.de\/index.php?rest_route=\/wp\/v2\/posts\/165673\/revisions\/165698"}],"wp:attachment":[{"href":"https:\/\/www.fuldaernachrichten.de\/index.php?rest_route=%2Fwp%2Fv2%2Fmedia&parent=165673"}],"wp:term":[{"taxonomy":"category","embeddable":true,"href":"https:\/\/www.fuldaernachrichten.de\/index.php?rest_route=%2Fwp%2Fv2%2Fcategories&post=165673"},{"taxonomy":"post_tag","embeddable":true,"href":"https:\/\/www.fuldaernachrichten.de\/index.php?rest_route=%2Fwp%2Fv2%2Ftags&post=165673"}],"curies":[{"name":"wp","href":"https:\/\/api.w.org\/{rel}","templated":true}]}}