{"id":1655,"date":"2007-02-12T00:20:06","date_gmt":"2007-02-11T23:20:06","guid":{"rendered":"http:\/\/www.schoene-nachrichten.de\/?p=1655"},"modified":"2007-02-12T00:22:57","modified_gmt":"2007-02-11T23:22:57","slug":"auffuehrung-der-kinderoper-brundibar-im-pflegestift-mediana","status":"publish","type":"post","link":"https:\/\/www.fuldaernachrichten.de\/?p=1655","title":{"rendered":"Auff\u00fchrung der Kinderoper Brundib\u00e1r im Pflegestift Mediana"},"content":{"rendered":"<p><strong>Sch\u00f6nes aus Fulda.<\/strong> Gro\u00dfe Begeisterung herrschte bei den vielen Zuh\u00f6rern, die zu der Kinderoper \u201eBrundib\u00e1r\u201c in das Pflegestift Mediana in Fulda gekommen waren. Die jungen S\u00e4nger und Musiker, unter der Leitung von Linde Weiland, wurden bei dem St\u00fcck von Hans Kr\u00e1sa von dem Chor der J\u00fcdischen Gemeinde in Fulda begleitet.\u00c2\u00a0<\/p>\n<p><strong>Fotos (6):<\/strong> Sven Haustein &#8211; Pflegestift Mediana<\/p>\n<p><a target=\"_blank\" href=\"http:\/\/www.schoene-nachrichten.de\/wp-content\/uploads\/2007\/02\/070212_mediana_1.jpg\" title=\"Fotos (6): Sven Haustein - Pflegestift Mediana\"><img decoding=\"async\" src=\"http:\/\/www.schoene-nachrichten.de\/wp-content\/uploads\/2007\/02\/070212_mediana_1.thumbnail.jpg\" alt=\"070212_mediana_1.jpg\" \/><\/a>\u00c2\u00a0<a target=\"_blank\" href=\"http:\/\/www.schoene-nachrichten.de\/wp-content\/uploads\/2007\/02\/070212_mediana_2.jpg\" title=\"Fotos (6): Sven Haustein - Pflegestift Mediana\"><img decoding=\"async\" src=\"http:\/\/www.schoene-nachrichten.de\/wp-content\/uploads\/2007\/02\/070212_mediana_2.thumbnail.jpg\" alt=\"070212_mediana_2.jpg\" \/><\/a>\u00c2\u00a0<a target=\"_blank\" href=\"http:\/\/www.schoene-nachrichten.de\/wp-content\/uploads\/2007\/02\/070212_mediana_3.jpg\" title=\"Fotos (6): Sven Haustein - Pflegestift Mediana\"><img decoding=\"async\" src=\"http:\/\/www.schoene-nachrichten.de\/wp-content\/uploads\/2007\/02\/070212_mediana_3.thumbnail.jpg\" alt=\"070212_mediana_3.jpg\" \/><\/a><\/p>\n<p><!--more-->Der Komponist Hans Kr\u00e1sa, der an der Deutschen Akademie f\u00fcr Musik in Prag Komposition studierte, schriebe die Kinderoper \u201eBrundib\u00e1r\u201c im Jahr 1938. Am 10. August 1942 wurde er von den Nationalsozialisten in das Konzentrationslager Theresienstadt (Terezin) eingeliefert. Hier wurde seine Kinderoper \u201eBrundib\u00e1r\u201c \u00fcber 55 mal aufgef\u00fchrt, bevor er im Oktober 1944 in dem Konzentrationslager in Auschwitz ermordet wurde.<\/p>\n<p><a target=\"_blank\" href=\"http:\/\/www.schoene-nachrichten.de\/wp-content\/uploads\/2007\/02\/070212_mediana_4.jpg\" title=\"Fotos (6): Sven Haustein - Pflegestift Mediana\"><img decoding=\"async\" src=\"http:\/\/www.schoene-nachrichten.de\/wp-content\/uploads\/2007\/02\/070212_mediana_4.thumbnail.jpg\" alt=\"070212_mediana_4.jpg\" \/><\/a>\u00c2\u00a0<a target=\"_blank\" href=\"http:\/\/www.schoene-nachrichten.de\/wp-content\/uploads\/2007\/02\/070212_mediana_5.jpg\" title=\"Fotos (6): Sven Haustein - Pflegestift Mediana\"><img decoding=\"async\" src=\"http:\/\/www.schoene-nachrichten.de\/wp-content\/uploads\/2007\/02\/070212_mediana_5.thumbnail.jpg\" alt=\"070212_mediana_5.jpg\" \/><\/a>\u00c2\u00a0<a target=\"_blank\" href=\"http:\/\/www.schoene-nachrichten.de\/wp-content\/uploads\/2007\/02\/070212_mediana_6.jpg\" title=\"Fotos (6): Sven Haustein - Pflegestift Mediana\"><img decoding=\"async\" src=\"http:\/\/www.schoene-nachrichten.de\/wp-content\/uploads\/2007\/02\/070212_mediana_6.thumbnail.jpg\" alt=\"070212_mediana_6.jpg\" \/><\/a><\/p>\n<p>Interessant und spannend stellten die jungen K\u00fcnstler die Handlung dar, die eine einfache Geschichte \u00fcber \u201eGut und B\u00f6se\u201c ist: Die Geschwister Aninka und Pepicek haben Sorgen. Ihr Vater ist tot und ihre Mutter krank. Frische Milch w\u00fcrde ihr helfen, sagt der Arzt. So gehen die beiden Geschwister auf den Markt, um Milch zu holen. Dort preisen die H\u00e4ndler ihre Waren an. Doch die Kinder haben kein Geld und ohne Geld gibt ihnen auch der Milchmann nichts. Da sehen Aninka und Pepicek den Leierkastenmann Brundib\u00e1r. Mit seiner Musik zieht er die Erwachsenen scharenweise in seinen Bann. Sie singen und tanzen und werfen ihm viele M\u00fcnzen zu. Da Aninka und Pepicek sehen, dass man mit Musik auch Geld verdienen kann, beschlie\u00dfen sie, es auf ihre Weise zu versuchen. Sie singen ein Lied, um die Aufmerksamkeit der Erwachsenen auf sich zu ziehen. Aber niemand bemerkt sie, denn ihre Stimmen sind zu schwach, um gegen den L\u00e4rm des Leierkastens anzukommen &#8211; au\u00dferdem vertreibt der b\u00f6se Brundib\u00e1r sie kurzerhand, da er l\u00e4stige Konkurrenz nicht dulden will.<\/p>\n<p>Die Nacht bricht an, als ein Hund, eine Katze und ein Spatz ankommen und die traurigen Kinder tr\u00f6sten. Sie beraten sich mit ihnen und versprechen, ihnen zu helfen. Gemeinsam kommen sie zu dem Schluss: Wenn viele Kinder gegen Brundib\u00e1r antreten, k\u00f6nnten sie ihn besiegen.<\/p>\n<p>Am Ende der gelungenen Veranstaltung dankte Jens Czapek, Heimleiter des Pflegestifts Mediana in Fulda, den Mitwirkenden der Kinderoper und deren Leiterin Linde Weiland. Er freute sich besonders \u00fcber das gro\u00dfe der Interesse der Bewohnerinnen und Bewohner seiner Pflegeeinrichtung sowie deren Angeh\u00f6rige und Besucher, die zahlreich an der tollen Nachmittagsveranstaltung teilgenommen hatten.<\/p>\n","protected":false},"excerpt":{"rendered":"<div class=\"tmnf_excerpt\"><p>Sch\u00f6nes aus Fulda. Gro\u00dfe Begeisterung herrschte bei den vielen Zuh\u00f6rern, die zu der Kinderoper \u201eBrundib\u00e1r\u201c in das Pflegestift Mediana in Fulda gekommen waren. Die jungen S\u00e4nger und Musiker, unter der Leitung von Linde Weiland, wurden bei dem St\u00fcck von Hans Kr\u00e1sa von dem Chor der J\u00fcdischen Gemeinde in Fulda begleitet.\u00c2\u00a0 Fotos (6): Sven Haustein &#8211; &hellip;<\/p>\n<\/div>","protected":false},"author":1,"featured_media":0,"comment_status":"closed","ping_status":"closed","sticky":false,"template":"","format":"standard","meta":{"footnotes":""},"categories":[1,44],"tags":[],"class_list":["post-1655","post","type-post","status-publish","format-standard","hentry","category-startseite","category-kultur"],"_links":{"self":[{"href":"https:\/\/www.fuldaernachrichten.de\/index.php?rest_route=\/wp\/v2\/posts\/1655","targetHints":{"allow":["GET"]}}],"collection":[{"href":"https:\/\/www.fuldaernachrichten.de\/index.php?rest_route=\/wp\/v2\/posts"}],"about":[{"href":"https:\/\/www.fuldaernachrichten.de\/index.php?rest_route=\/wp\/v2\/types\/post"}],"author":[{"embeddable":true,"href":"https:\/\/www.fuldaernachrichten.de\/index.php?rest_route=\/wp\/v2\/users\/1"}],"replies":[{"embeddable":true,"href":"https:\/\/www.fuldaernachrichten.de\/index.php?rest_route=%2Fwp%2Fv2%2Fcomments&post=1655"}],"version-history":[{"count":0,"href":"https:\/\/www.fuldaernachrichten.de\/index.php?rest_route=\/wp\/v2\/posts\/1655\/revisions"}],"wp:attachment":[{"href":"https:\/\/www.fuldaernachrichten.de\/index.php?rest_route=%2Fwp%2Fv2%2Fmedia&parent=1655"}],"wp:term":[{"taxonomy":"category","embeddable":true,"href":"https:\/\/www.fuldaernachrichten.de\/index.php?rest_route=%2Fwp%2Fv2%2Fcategories&post=1655"},{"taxonomy":"post_tag","embeddable":true,"href":"https:\/\/www.fuldaernachrichten.de\/index.php?rest_route=%2Fwp%2Fv2%2Ftags&post=1655"}],"curies":[{"name":"wp","href":"https:\/\/api.w.org\/{rel}","templated":true}]}}