{"id":16545,"date":"2008-12-13T08:23:50","date_gmt":"2008-12-13T07:23:50","guid":{"rendered":"http:\/\/www.schoene-nachrichten.de\/?p=16545"},"modified":"2008-12-13T10:27:12","modified_gmt":"2008-12-13T09:27:12","slug":"mutterhaus-kitas-starten-qualitaetsprojekt","status":"publish","type":"post","link":"https:\/\/www.fuldaernachrichten.de\/?p=16545","title":{"rendered":"Mutterhaus-Kitas starten Qualit\u00e4tsprojekt"},"content":{"rendered":"<p><strong>Fulda. <\/strong>Mit der Entwicklung eines Rahmenplanes zur Unterst\u00fctzung der Leitungskr\u00e4fte und Erzieherinnen bei deren t\u00e4glicher Betreuungsarbeit hat das Haus der Barmherzigen Schwestern vom hl. Vinzenz von Paul in Fulda einen ersten Schritt zur Qualit\u00e4tssicherung in seinen Kindertageseinrichtungen getan. Das im vergangenen Jahr vom Generalrat in Fulda beschlossene Projekt endete nach einer Soll-Analyse im abgelaufenen Jahr nun im ersten Projektabschnitt mit der Ausgabe eines Projektordners an sechs Einrichtungen des Mutterhauses in Hessen, darunter auch das Kinderhaus St. Luise und die Kita St. Sturmius in Fulda.<!--more--><br \/>\n\u201eWir haben bemerkt, dass nicht alle unsere Kitas nach abgestimmten einheitlichen Vorgaben des Tr\u00e4gers gearbeitet haben\u201c, so die Projektleiterin Renate Hahling, \u201ejetzt allerdings pr\u00e4sentieren sich s\u00e4mtliche Arbeits- und Informationsunterlagen unserer Kitas in einem einheitlichen Layout mit hohem Wiedererkennungswert\u201c. Konzeptionen, Vertr\u00e4ge, Kita-Ordnungen, alle wichtigen Formulare und auch Frageb\u00f6gen f\u00fcr Eltern und Mitarbeiterinnen seien mit den Leitungskr\u00e4ften, unter Beachtung und Einarbeitung individueller Vorgaben, vereinheitlicht worden und tragen so zur Weiterentwicklung des Tr\u00e4gerstandards bei.<\/p>\n<p>\u201eNicht nur der Bildungs- und Erziehungsplan in Hessen, sondern auch diverse gesetzliche \u00c4nderungen durch das Tagesbetreuungsausbaugesetz (TAG) haben uns dazu veranlasst, die Betreuungsqualit\u00e4t in unseren Kindertageseinrichtungen zuk\u00fcnftig noch transparenter zu gestalten\u201c, f\u00fcgt die neue General\u00f6konomin des Mutterhauses Fulda, Schwester Felizitas Renkel, hinzu.<\/p>\n<p>Mit dem aktuell freigegebenen administrativen Standard wollen sich die Verantwortlichen im Mutterhaus Fulda allerdings nicht zufrieden geben. Bereits im Fr\u00fchjahr soll das QM-Projekt mit dem zweiten Projektabschnitt in den eigenen Kitas fortgesetzt werden, der beispielsweise die \u00dcberpr\u00fcfung von Arbeitsabl\u00e4ufen und die Festlegung von weiteren Qualit\u00e4tskriterien enthalten soll. \u201eQualit\u00e4tsmanagement ist heute auch aus dem Alltag von Kindertagesst\u00e4tten nicht mehr wegzudenken. Unsere Kinder sollten uns den zus\u00e4tzlichen Entwicklungsaufwand wert sein\u201c, sind sich Sabine Anderka und Ursula Piskorz, Leiterinnen des Kinderhauses St. Luise und der Kita St. Sturmius in Fulda, sicher.<\/p>\n","protected":false},"excerpt":{"rendered":"<div class=\"tmnf_excerpt\"><p>Fulda. Mit der Entwicklung eines Rahmenplanes zur Unterst\u00fctzung der Leitungskr\u00e4fte und Erzieherinnen bei deren t\u00e4glicher Betreuungsarbeit hat das Haus der Barmherzigen Schwestern vom hl. Vinzenz von Paul in Fulda einen ersten Schritt zur Qualit\u00e4tssicherung in seinen Kindertageseinrichtungen getan. Das im vergangenen Jahr vom Generalrat in Fulda beschlossene Projekt endete nach einer Soll-Analyse im abgelaufenen Jahr &hellip;<\/p>\n<\/div>","protected":false},"author":1,"featured_media":0,"comment_status":"closed","ping_status":"closed","sticky":false,"template":"","format":"standard","meta":{"footnotes":""},"categories":[1,72],"tags":[],"class_list":["post-16545","post","type-post","status-publish","format-standard","hentry","category-startseite","category-jugend"],"_links":{"self":[{"href":"https:\/\/www.fuldaernachrichten.de\/index.php?rest_route=\/wp\/v2\/posts\/16545","targetHints":{"allow":["GET"]}}],"collection":[{"href":"https:\/\/www.fuldaernachrichten.de\/index.php?rest_route=\/wp\/v2\/posts"}],"about":[{"href":"https:\/\/www.fuldaernachrichten.de\/index.php?rest_route=\/wp\/v2\/types\/post"}],"author":[{"embeddable":true,"href":"https:\/\/www.fuldaernachrichten.de\/index.php?rest_route=\/wp\/v2\/users\/1"}],"replies":[{"embeddable":true,"href":"https:\/\/www.fuldaernachrichten.de\/index.php?rest_route=%2Fwp%2Fv2%2Fcomments&post=16545"}],"version-history":[{"count":2,"href":"https:\/\/www.fuldaernachrichten.de\/index.php?rest_route=\/wp\/v2\/posts\/16545\/revisions"}],"predecessor-version":[{"id":16635,"href":"https:\/\/www.fuldaernachrichten.de\/index.php?rest_route=\/wp\/v2\/posts\/16545\/revisions\/16635"}],"wp:attachment":[{"href":"https:\/\/www.fuldaernachrichten.de\/index.php?rest_route=%2Fwp%2Fv2%2Fmedia&parent=16545"}],"wp:term":[{"taxonomy":"category","embeddable":true,"href":"https:\/\/www.fuldaernachrichten.de\/index.php?rest_route=%2Fwp%2Fv2%2Fcategories&post=16545"},{"taxonomy":"post_tag","embeddable":true,"href":"https:\/\/www.fuldaernachrichten.de\/index.php?rest_route=%2Fwp%2Fv2%2Ftags&post=16545"}],"curies":[{"name":"wp","href":"https:\/\/api.w.org\/{rel}","templated":true}]}}